{"id":59222,"date":"2025-12-06T00:40:47","date_gmt":"2025-12-06T05:40:47","guid":{"rendered":"https:\/\/www.radiosanctispiritus.cu\/es\/?p=59222"},"modified":"2025-12-07T20:28:50","modified_gmt":"2025-12-08T01:28:50","slug":"espirituanos-rendiran-homenaje-a-los-martires-internacionalistas-este-domingo","status":"publish","type":"post","link":"https:\/\/www.radiosanctispiritus.cu\/es\/espirituanos-rendiran-homenaje-a-los-martires-internacionalistas-este-domingo\/","title":{"rendered":"Espirituanos rendir\u00e1n homenaje a los m\u00e1rtires internacionalistas este domingo"},"content":{"rendered":"<p dir=\"ltr\">El pueblo espirituano rendir\u00e1 tributo de respeto y admiraci\u00f3n a los m\u00e1rtires internacionalistas de la provincia este domingo, en una jornada patri\u00f3tica que conmemorar\u00e1 la hist\u00f3rica Operaci\u00f3n Tributo, desarrollada hace 36 a\u00f1os.<\/p>\n<p dir=\"ltr\">Desde horas tempranas, familiares, combatientes y representantes de distintos sectores acudir\u00e1n a la necr\u00f3polis espirituana, donde reposan los restos de 119 hijos de Sancti Sp\u00edritus que entregaron sus vidas cumpliendo misiones de solidaridad en tierras hermanas.<\/p>\n<p dir=\"ltr\">En aquel diciembre de 1989, sus cuerpos fueron recibidos con honores militares y sepultados en los panteones de los ca\u00eddos por la defensa, gesto que marc\u00f3 para siempre la memoria de la naci\u00f3n.<\/p>\n<p dir=\"ltr\">Las flores, la m\u00fasica patri\u00f3tica y el silencio respetuoso acompa\u00f1ar\u00e1n el homenaje, s\u00edmbolo de la gratitud de Sancti Sp\u00edritus hacia sus h\u00e9roes.<\/p>\n<p dir=\"ltr\">El tributo de este 7 de diciembre reafirmar\u00e1, una vez m\u00e1s, el compromiso del pueblo espirituano con los ideales de solidaridad, humanismo y entrega que inspiraron a los combatientes internacionalistas, ejemplo permanente para las nuevas generaciones.<\/p>\n<p dir=\"ltr\"><iframe src=\"https:\/\/www.ivoox.com\/player_ej_163855237_6_1.html?c1=7a0d0b\" width=\"100%\" height=\"200\" frameborder=\"0\" scrolling=\"no\" allowfullscreen=\"allowfullscreen\"><\/iframe><\/p>\n","protected":false},"excerpt":{"rendered":"<p>El pueblo espirituano rendir\u00e1 tributo de respeto y admiraci\u00f3n a los m\u00e1rtires internacionalistas de la provincia este domingo, en una jornada patri\u00f3tica que conmemorar\u00e1 la hist\u00f3rica Operaci\u00f3n Tributo, desarrollada hace 36 a\u00f1os.<\/p>\n","protected":false},"author":18,"featured_media":19608,"comment_status":"open","ping_status":"open","sticky":false,"template":"","format":"standard","meta":{"_acf_changed":false,"footnotes":""},"categories":[8,9,1],"tags":[1312,328,1410],"coauthors":[1874],"class_list":["post-59222","post","type-post","status-publish","format-standard","has-post-thumbnail","hentry","category-noticia","category-en-audio","category-sancti-spiritus","tag-asociacion-de-combatientes-de-la-revolucion-cubana","tag-combatientes","tag-operacion-tributo"],"acf":[],"_links":{"self":[{"href":"https:\/\/www.radiosanctispiritus.cu\/es\/wp-json\/wp\/v2\/posts\/59222","targetHints":{"allow":["GET"]}}],"collection":[{"href":"https:\/\/www.radiosanctispiritus.cu\/es\/wp-json\/wp\/v2\/posts"}],"about":[{"href":"https:\/\/www.radiosanctispiritus.cu\/es\/wp-json\/wp\/v2\/types\/post"}],"author":[{"embeddable":true,"href":"https:\/\/www.radiosanctispiritus.cu\/es\/wp-json\/wp\/v2\/users\/18"}],"replies":[{"embeddable":true,"href":"https:\/\/www.radiosanctispiritus.cu\/es\/wp-json\/wp\/v2\/comments?post=59222"}],"version-history":[{"count":2,"href":"https:\/\/www.radiosanctispiritus.cu\/es\/wp-json\/wp\/v2\/posts\/59222\/revisions"}],"predecessor-version":[{"id":59224,"href":"https:\/\/www.radiosanctispiritus.cu\/es\/wp-json\/wp\/v2\/posts\/59222\/revisions\/59224"}],"wp:featuredmedia":[{"embeddable":true,"href":"https:\/\/www.radiosanctispiritus.cu\/es\/wp-json\/wp\/v2\/media\/19608"}],"wp:attachment":[{"href":"https:\/\/www.radiosanctispiritus.cu\/es\/wp-json\/wp\/v2\/media?parent=59222"}],"wp:term":[{"taxonomy":"category","embeddable":true,"href":"https:\/\/www.radiosanctispiritus.cu\/es\/wp-json\/wp\/v2\/categories?post=59222"},{"taxonomy":"post_tag","embeddable":true,"href":"https:\/\/www.radiosanctispiritus.cu\/es\/wp-json\/wp\/v2\/tags?post=59222"},{"taxonomy":"author","embeddable":true,"href":"https:\/\/www.radiosanctispiritus.cu\/es\/wp-json\/wp\/v2\/coauthors?post=59222"}],"curies":[{"name":"wp","href":"https:\/\/api.w.org\/{rel}","templated":true}]}}