{"id":59217,"date":"2025-12-07T05:18:04","date_gmt":"2025-12-07T10:18:04","guid":{"rendered":"https:\/\/www.radiosanctispiritus.cu\/es\/?p=59217"},"modified":"2025-12-06T17:56:29","modified_gmt":"2025-12-06T22:56:29","slug":"anatomia-de-un-robo-violento-en-sancti-spiritus","status":"publish","type":"post","link":"https:\/\/www.radiosanctispiritus.cu\/es\/anatomia-de-un-robo-violento-en-sancti-spiritus\/","title":{"rendered":"Anatom\u00eda de un robo violento en Sancti Sp\u00edritus"},"content":{"rendered":"<p>El mi\u00e9rcoles 13 de noviembre se deslizaba sin estridencias sobre Sancti Sp\u00edritus. A un costado de la Carretera Central, justo donde el Puente de Palo vigila la entrada del hotel Zaza, la tarde parec\u00eda suspendida: el sol aplastaba el asfalto, los motores surg\u00edan y desaparec\u00edan como r\u00e1fagas lejanas, y un silencio improbable se adue\u00f1aba de la escena. Ni un transe\u00fante a la vista, como si el paisaje hubiese decidido quedarse solo para lo que estaba por ocurrir.<\/p>\n<p>Nada anunciaba que la normalidad iba a quebrarse. Hasta que un sonido \u2014brusco, cortante, ajeno al ritmo habitual del tr\u00e1fico\u2014 parti\u00f3 en dos la quietud. Ese instante m\u00ednimo \u2014un golpe en el aire\u2014 fue el punto de partida de un caso policial que, con rapidez, revelar\u00eda una cadena delictiva con ramificaciones m\u00e1s all\u00e1 de la provincia.<\/p>\n<p>La v\u00edctima, un hombre de 57 a\u00f1os, trabajador por cuenta propia con licencia para transportar pasajeros, jam\u00e1s comprendi\u00f3 c\u00f3mo una jornada aparentemente ordinaria se transform\u00f3 en agon\u00eda. Hab\u00eda viajado con un cliente que \u00e9l mismo recogi\u00f3 horas antes: primero hasta el poblado de Alicante; luego, hasta Tuinuc\u00fa para adquirir un medicamento. Todo indicaba un servicio rutinario. Hasta que lleg\u00f3 el pedido final:<\/p>\n<p>\u2014Ll\u00e9vame hasta la entrada del hotel Zaza, que necesito coger botella para Ciego de \u00c1vila.<\/p>\n<p>Ninguna se\u00f1al de alerta. Nada que insinuara que, en ese punto, a la altura del hotel, el crimen ya estaba decidido.<\/p>\n<p>El pasajero se incorpor\u00f3 sin aviso y lo golpe\u00f3 con violencia en la nuca \u2014un martillazo humano a traici\u00f3n\u2014, con la moto todav\u00eda en movimiento. Ambos salieron disparados contra el pavimento. Aturdido, el conductor sinti\u00f3 entonces el verdadero infierno: una mano de hierro le apret\u00f3 el cuello mientras lo amenazaban de muerte si gritaba, si intentaba moverse, si respiraba de m\u00e1s.<\/p>\n<p>Rog\u00f3 por su vida. Quiz\u00e1s ese ruego \u2014la s\u00faplica cruda de quien siente la muerte cercana\u2014 contuvo al agresor de ir m\u00e1s lejos.<\/p>\n<p>Minutos despu\u00e9s, el atacante huy\u00f3 en la moto Panther 125 CC (cent\u00edmetros c\u00fabicos) negra, propiedad del agredido. Tambi\u00e9n se llev\u00f3 una mochila con dinero, documentos legales y su tel\u00e9fono m\u00f3vil. El sol sigui\u00f3 brillando. La carretera continu\u00f3 abierta. Pero en Sancti Sp\u00edritus ese mediod\u00eda dej\u00f3 de ser uno m\u00e1s.<\/p>\n<p>CUANDO EL MININT ENTRA EN ESCENA<\/p>\n<p>El parte policial lleg\u00f3 poco despu\u00e9s a la Unidad Provincial de Investigaci\u00f3n Criminal de Sancti Sp\u00edritus y la urgencia qued\u00f3 registrada.<\/p>\n<p>\u201cDe inmediato, se conform\u00f3 un equipo integrado por varias especialidades del Ministerio del Interior para el total esclarecimiento de los hechos\u201d, declar\u00f3 el teniente coronel Rolando Rodr\u00edguez Carmenate.<\/p>\n<p>Las pistas condujeron r\u00e1pidamente hacia Ciro Redondo, Ciego de \u00c1vila, donde fue detenido el presunto autor del asalto. Tras su traslado a Sancti Sp\u00edritus, la v\u00edctima lo reconoci\u00f3 sin margen de dudas: era el mismo hombre que lo golpe\u00f3, lo inmoviliz\u00f3 por el cuello y lo dej\u00f3 tirado en el asfalto.<\/p>\n<p>Pero el caso apenas comenzaba. El robo de la moto no fue una acci\u00f3n aislada: formaba parte de una cadena delictiva perfectamente articulada: \u201cGracias a informaci\u00f3n an\u00f3nima de la poblaci\u00f3n, la efectividad investigativa y la cooperaci\u00f3n entre varias especialidades del Minint, los cuatro implicados fueron detenidos\u201d, asegur\u00f3 Rodr\u00edguez Carmenate.<\/p>\n<p>Las detenciones se sucedieron como piezas de domin\u00f3: primero, en el poblado avile\u00f1o de Fallas, fue capturado el receptor de la moto robada, quien entreg\u00f3 a cambio una motorina de procedencia investigada; luego, en Chambas, cay\u00f3 el hombre que desarm\u00f3 la Panther en piezas y comercializ\u00f3 la Unidad en Camag\u00fcey y, finalmente, en Pina \u2014 tambi\u00e9n en Ciego de \u00c1vila\u2014, fue localizado el implicado que ocult\u00f3 la motorina que le hab\u00eda sido entregada al autor del asalto.<\/p>\n<p>LOS DETENIDOS Y LA CONFESI\u00d3N<\/p>\n<p>\u201cTodos los implicados se encuentran confesos y se recuper\u00f3 la moto sustra\u00edda en partes y piezas, queda solo pendiente de ocupar la Unidad en Camag\u00fcey, as\u00ed como el tel\u00e9fono celular de la v\u00edctima\u201d, confirm\u00f3 el teniente coronel Rodr\u00edguez Carmenate.<\/p>\n<p>Nada de improvisaci\u00f3n: hubo transporte del veh\u00edculo hacia otra provincia, intercambio por una motorina, despiece, comercializaci\u00f3n fragmentada, camuflaje de bienes\u2026; un circuito econ\u00f3mico clandestino, fr\u00edo y calculado.<\/p>\n<p>De acuerdo con el C\u00f3digo Penal vigente, se abri\u00f3 un proceso por robo con violencia e intimidaci\u00f3n en las personas, una de las figuras delictivas de mayor severidad en Cuba.<\/p>\n<p>PUDO SER PEOR<\/p>\n<p>M\u00e1s all\u00e1 del esclarecimiento del caso, la verdad que estremece es otra: la v\u00edctima pudo haber muerto: \u201cEl agresor no solo golpe\u00f3 a la v\u00edctima con la moto en movimiento, sino que, una vez en el suelo, lo apret\u00f3 fuertemente por el cuello y lo amenaz\u00f3 de muerte si hac\u00eda algo o si denunciaba a la Polic\u00eda\u201d, explic\u00f3 el oficial del Minint.<\/p>\n<p>La l\u00ednea entre un robo violento y un homicidio fue tan fina como el espacio que separa el aire de una tr\u00e1quea comprimida.<\/p>\n<p>EL REGRESO A LA RUTINA<\/p>\n<p>El hombre de 57 a\u00f1os sobrevivi\u00f3. Camina. Respira. Intenta volver a la carretera. Pero no es el mismo. Ahora duda ante un pasajero. Ahora conduce con un recuerdo en la garganta: el de unos dedos cerr\u00e1ndole el aire.<\/p>\n<p>La escena del Puente de Palo no se ha ido; contin\u00faa ah\u00ed como un eco terco. Y mientras la justicia sigue su curso, otra herida colectiva vuelve a abrirse: <a href=\"https:\/\/www.escambray.cu\/2022\/sancti-spiritus-proceso-penal-contra-los-asesinos-del-profesor-santiago-morgado-sigue-su-curso\/\" target=\"_blank\" rel=\"noopener noreferrer nofollow\">el asesinato del profesor Santiago Diosdado Morgado Morgado<\/a> en julio de 2022, tambi\u00e9n para robarle su motocicleta, sigue demasiado cerca en la memoria espirituana.<\/p>\n<p>Que este nuevo episodio nos recuerde \u2014como comunidad\u2014 la importancia de permanecer alertas, cuidarnos entre todos y defender la vida humana muy por encima de cualquier bien material; porque cada hecho violento deja una marca que no se olvida.<\/p>\n<p><iframe src=\"https:\/\/www.ivoox.com\/player_ej_163856846_6_1.html?c1=7a0d0b\" width=\"100%\" height=\"200\" frameborder=\"0\" scrolling=\"no\" allowfullscreen=\"allowfullscreen\"><\/iframe><\/p>\n","protected":false},"excerpt":{"rendered":"<p>Un transportista espirituano sobrevivi\u00f3 a un asalto en las inmediaciones del hotel Zaza. La investigaci\u00f3n del Ministerio del Interior destap\u00f3 una cadena delictiva que operaba desde Ciego de \u00c1vila y que involucr\u00f3 robo, tr\u00e1fico y el desarme de una motocicleta.<\/p>\n","protected":false},"author":29,"featured_media":30346,"comment_status":"open","ping_status":"open","sticky":false,"template":"","format":"standard","meta":{"_acf_changed":false,"footnotes":""},"categories":[8,9,1],"tags":[863,213,591,2001],"coauthors":[1856],"class_list":["post-59217","post","type-post","status-publish","format-standard","has-post-thumbnail","hentry","category-noticia","category-en-audio","category-sancti-spiritus","tag-delito","tag-minint","tag-ministerio-del-interior","tag-robo-con-fuerza"],"acf":[],"_links":{"self":[{"href":"https:\/\/www.radiosanctispiritus.cu\/es\/wp-json\/wp\/v2\/posts\/59217","targetHints":{"allow":["GET"]}}],"collection":[{"href":"https:\/\/www.radiosanctispiritus.cu\/es\/wp-json\/wp\/v2\/posts"}],"about":[{"href":"https:\/\/www.radiosanctispiritus.cu\/es\/wp-json\/wp\/v2\/types\/post"}],"author":[{"embeddable":true,"href":"https:\/\/www.radiosanctispiritus.cu\/es\/wp-json\/wp\/v2\/users\/29"}],"replies":[{"embeddable":true,"href":"https:\/\/www.radiosanctispiritus.cu\/es\/wp-json\/wp\/v2\/comments?post=59217"}],"version-history":[{"count":4,"href":"https:\/\/www.radiosanctispiritus.cu\/es\/wp-json\/wp\/v2\/posts\/59217\/revisions"}],"predecessor-version":[{"id":59221,"href":"https:\/\/www.radiosanctispiritus.cu\/es\/wp-json\/wp\/v2\/posts\/59217\/revisions\/59221"}],"wp:featuredmedia":[{"embeddable":true,"href":"https:\/\/www.radiosanctispiritus.cu\/es\/wp-json\/wp\/v2\/media\/30346"}],"wp:attachment":[{"href":"https:\/\/www.radiosanctispiritus.cu\/es\/wp-json\/wp\/v2\/media?parent=59217"}],"wp:term":[{"taxonomy":"category","embeddable":true,"href":"https:\/\/www.radiosanctispiritus.cu\/es\/wp-json\/wp\/v2\/categories?post=59217"},{"taxonomy":"post_tag","embeddable":true,"href":"https:\/\/www.radiosanctispiritus.cu\/es\/wp-json\/wp\/v2\/tags?post=59217"},{"taxonomy":"author","embeddable":true,"href":"https:\/\/www.radiosanctispiritus.cu\/es\/wp-json\/wp\/v2\/coauthors?post=59217"}],"curies":[{"name":"wp","href":"https:\/\/api.w.org\/{rel}","templated":true}]}}