{"id":59136,"date":"2025-12-05T18:35:10","date_gmt":"2025-12-05T23:35:10","guid":{"rendered":"https:\/\/www.radiosanctispiritus.cu\/es\/?p=59136"},"modified":"2025-12-05T15:40:01","modified_gmt":"2025-12-05T20:40:01","slug":"homenaje-a-la-poesia-en-sancti-spiritus","status":"publish","type":"post","link":"https:\/\/www.radiosanctispiritus.cu\/es\/homenaje-a-la-poesia-en-sancti-spiritus\/","title":{"rendered":"Homenaje a la poes\u00eda en Sancti Sp\u00edritus"},"content":{"rendered":"<p>A Esb\u00e9rtido Rosendi, bautizado hace a\u00f1os como el Poeta de la Ciudad, se le rindi\u00f3 homenaje durante la Jornada Nacional de la Poes\u00eda, evento que hasta este domingo sesiona en Sancti Sp\u00edritus.<\/p>\n<p>Precisamente, el reconocido autor fue uno de los impulsores de la cita que cada a\u00f1o convoca a escritores e investigadores de todo el pa\u00eds, seg\u00fan explic\u00f3 Sayli Alba \u00c1lvarez, directora del Centro Provincial de Promoci\u00f3n Literaria Ra\u00fal Ferrer.<\/p>\n<p>En el encuentro se reconoci\u00f3 no solo su val\u00eda como escritor, sino como promotor de la obra de muchas generaciones de espirituanos.<\/p>\n<p>\u201cEn esta oportunidad nos acompa\u00f1an autores de Guant\u00e1namo, Santiago de Cuba, Camag\u00fcey y Mayabeque\u0094, apunt\u00f3.<\/p>\n<p>Conferencias, paneles y presentaciones de libros en instituciones educativas y culturales, as\u00ed como en centros de trabajo, conforman el programa del evento, amenizado por el talento musical aut\u00f3ctono.<\/p>\n<p>\u201cPara este s\u00e1bado tendremos la oportunidad de dialogar con Yudit Vidal Faife, quien aun\u00f3 en las p\u00e1ginas de su libro los puntos m\u00e1s antiguos que prestigian la tradici\u00f3n del hilo y la aguja en Trinidad. Igualmente, se honrar\u00e1 desde la m\u00fasica a <em>Cartas a Giselle<\/em>, de Manuel Gonz\u00e1lez Busto\u0094, precis\u00f3 la fuente.<\/p>\n<p>La Jornada Nacional de la Poes\u00eda se despedir\u00e1 de Sancti Sp\u00edritus con el encuentro de las manualidades que defiende el proyecto Entre hilos, alas y pinceles, liderado por Vidal Faife.<\/p>\n<p>\u0093En la clausura se le cantar\u00e1 a la d\u00e9cima y al punto. Se escuchar\u00e1n las melod\u00edas de las Tonadas trinitarias<em>.<\/em> Adem\u00e1s, se presentar\u00e1n las convocatorias de la pr\u00f3xima edici\u00f3n y del Premio de Poes\u00eda Ra\u00fal Ferrer\u0094, concluy\u00f3.<\/p>\n<p><iframe src=\"https:\/\/www.ivoox.com\/player_ej_163829886_6_1.html?c1=7a0d0b\" width=\"100%\" height=\"200\" frameborder=\"0\" scrolling=\"no\" allowfullscreen=\"allowfullscreen\"><\/iframe><\/p>\n","protected":false},"excerpt":{"rendered":"<p>A Esb\u00e9rtido Rosendi, bautizado hace a\u00f1os como el Poeta de la Ciudad, se le rindi\u00f3 homenaje durante la Jornada Nacional de la Poes\u00eda, evento que hasta este domingo sesiona en Sancti Sp\u00edritus.<\/p>\n","protected":false},"author":12,"featured_media":59137,"comment_status":"open","ping_status":"open","sticky":false,"template":"","format":"standard","meta":{"_acf_changed":false,"footnotes":""},"categories":[8,6,9,1],"tags":[1355,1163],"coauthors":[1864],"class_list":["post-59136","post","type-post","status-publish","format-standard","has-post-thumbnail","hentry","category-noticia","category-cultura","category-en-audio","category-sancti-spiritus","tag-jornada-nacional-de-la-poesia","tag-poesia"],"acf":[],"_links":{"self":[{"href":"https:\/\/www.radiosanctispiritus.cu\/es\/wp-json\/wp\/v2\/posts\/59136","targetHints":{"allow":["GET"]}}],"collection":[{"href":"https:\/\/www.radiosanctispiritus.cu\/es\/wp-json\/wp\/v2\/posts"}],"about":[{"href":"https:\/\/www.radiosanctispiritus.cu\/es\/wp-json\/wp\/v2\/types\/post"}],"author":[{"embeddable":true,"href":"https:\/\/www.radiosanctispiritus.cu\/es\/wp-json\/wp\/v2\/users\/12"}],"replies":[{"embeddable":true,"href":"https:\/\/www.radiosanctispiritus.cu\/es\/wp-json\/wp\/v2\/comments?post=59136"}],"version-history":[{"count":1,"href":"https:\/\/www.radiosanctispiritus.cu\/es\/wp-json\/wp\/v2\/posts\/59136\/revisions"}],"predecessor-version":[{"id":59138,"href":"https:\/\/www.radiosanctispiritus.cu\/es\/wp-json\/wp\/v2\/posts\/59136\/revisions\/59138"}],"wp:featuredmedia":[{"embeddable":true,"href":"https:\/\/www.radiosanctispiritus.cu\/es\/wp-json\/wp\/v2\/media\/59137"}],"wp:attachment":[{"href":"https:\/\/www.radiosanctispiritus.cu\/es\/wp-json\/wp\/v2\/media?parent=59136"}],"wp:term":[{"taxonomy":"category","embeddable":true,"href":"https:\/\/www.radiosanctispiritus.cu\/es\/wp-json\/wp\/v2\/categories?post=59136"},{"taxonomy":"post_tag","embeddable":true,"href":"https:\/\/www.radiosanctispiritus.cu\/es\/wp-json\/wp\/v2\/tags?post=59136"},{"taxonomy":"author","embeddable":true,"href":"https:\/\/www.radiosanctispiritus.cu\/es\/wp-json\/wp\/v2\/coauthors?post=59136"}],"curies":[{"name":"wp","href":"https:\/\/api.w.org\/{rel}","templated":true}]}}