{"id":58992,"date":"2025-12-03T14:11:01","date_gmt":"2025-12-03T19:11:01","guid":{"rendered":"https:\/\/www.radiosanctispiritus.cu\/es\/?p=58992"},"modified":"2025-12-03T14:11:01","modified_gmt":"2025-12-03T19:11:01","slug":"desarrollan-acciones-en-yaguajay-a-las-puertas-del-dia-internacional-de-las-montanas","status":"publish","type":"post","link":"https:\/\/www.radiosanctispiritus.cu\/es\/desarrollan-acciones-en-yaguajay-a-las-puertas-del-dia-internacional-de-las-montanas\/","title":{"rendered":"Desarrollan acciones en Yaguajay a las puertas del D\u00eda Internacional de las Monta\u00f1as"},"content":{"rendered":"<p>Una jornada en saludo al D\u00eda Internacional de las Monta\u00f1as, a celebrarse el pr\u00f3ximo 11 de diciembre, desarrollan desde Yaguajay especialistas del Centro de Servicios Ambientales de Sancti Sp\u00edritus.<\/p>\n<p>Seg\u00fan la directora de Investigaciones de Ecosistemas Monta\u00f1osos del citado centro, Yixi Su\u00e1rez Vald\u00e9s, en la Cooperativa de Cr\u00e9ditos y Servicios Alberto Piz Delgado de las Llanadas, se constat\u00f3 la existencia de un proyecto colectivo para la conservaci\u00f3n de la biodiversidad.<\/p>\n<p><iframe src=\"https:\/\/www.ivoox.com\/player_ej_163638988_6_1.html?c1=7a0d0b\" width=\"100%\" height=\"200\" frameborder=\"0\" scrolling=\"no\" allowfullscreen=\"allowfullscreen\"><\/iframe><\/p>\n<p>Con el nombre Guardi\u00e1n de la Sierra, los cooperativistas apuestan por el incremento de la producci\u00f3n de alimentos, para lo cual fortalecen las pr\u00e1cticas agroecol\u00f3gicas.<\/p>\n<p>Al decir de Su\u00e1rez Vald\u00e9s, toda esta labor junto a otros actores, como la UEB Forestal Yaguajay y los Pobladores, redunda en la rehabilitaci\u00f3n de \u00e1reas del Lomer\u00edo afectadas por acciones de la actividad humana.<\/p>\n","protected":false},"excerpt":{"rendered":"<p>Una jornada en saludo al D\u00eda Internacional de las Monta\u00f1as, a celebrarse el pr\u00f3ximo 11 de diciembre, desarrollan desde Yaguajay especialistas del Centro de Servicios Ambientales de Sancti Sp\u00edritus.<\/p>\n","protected":false},"author":165,"featured_media":58993,"comment_status":"open","ping_status":"open","sticky":false,"template":"","format":"standard","meta":{"_acf_changed":false,"footnotes":""},"categories":[8,9],"tags":[],"coauthors":[1881],"class_list":["post-58992","post","type-post","status-publish","format-standard","has-post-thumbnail","hentry","category-noticia","category-en-audio"],"acf":[],"_links":{"self":[{"href":"https:\/\/www.radiosanctispiritus.cu\/es\/wp-json\/wp\/v2\/posts\/58992","targetHints":{"allow":["GET"]}}],"collection":[{"href":"https:\/\/www.radiosanctispiritus.cu\/es\/wp-json\/wp\/v2\/posts"}],"about":[{"href":"https:\/\/www.radiosanctispiritus.cu\/es\/wp-json\/wp\/v2\/types\/post"}],"author":[{"embeddable":true,"href":"https:\/\/www.radiosanctispiritus.cu\/es\/wp-json\/wp\/v2\/users\/165"}],"replies":[{"embeddable":true,"href":"https:\/\/www.radiosanctispiritus.cu\/es\/wp-json\/wp\/v2\/comments?post=58992"}],"version-history":[{"count":1,"href":"https:\/\/www.radiosanctispiritus.cu\/es\/wp-json\/wp\/v2\/posts\/58992\/revisions"}],"predecessor-version":[{"id":58994,"href":"https:\/\/www.radiosanctispiritus.cu\/es\/wp-json\/wp\/v2\/posts\/58992\/revisions\/58994"}],"wp:featuredmedia":[{"embeddable":true,"href":"https:\/\/www.radiosanctispiritus.cu\/es\/wp-json\/wp\/v2\/media\/58993"}],"wp:attachment":[{"href":"https:\/\/www.radiosanctispiritus.cu\/es\/wp-json\/wp\/v2\/media?parent=58992"}],"wp:term":[{"taxonomy":"category","embeddable":true,"href":"https:\/\/www.radiosanctispiritus.cu\/es\/wp-json\/wp\/v2\/categories?post=58992"},{"taxonomy":"post_tag","embeddable":true,"href":"https:\/\/www.radiosanctispiritus.cu\/es\/wp-json\/wp\/v2\/tags?post=58992"},{"taxonomy":"author","embeddable":true,"href":"https:\/\/www.radiosanctispiritus.cu\/es\/wp-json\/wp\/v2\/coauthors?post=58992"}],"curies":[{"name":"wp","href":"https:\/\/api.w.org\/{rel}","templated":true}]}}