{"id":58971,"date":"2025-12-03T07:21:34","date_gmt":"2025-12-03T12:21:34","guid":{"rendered":"https:\/\/www.radiosanctispiritus.cu\/es\/?p=58971"},"modified":"2025-12-03T11:32:06","modified_gmt":"2025-12-03T16:32:06","slug":"hotel-melia-trinidad-peninsula-en-los-primeros-escanos-de-preferencia-en-el-caribe","status":"publish","type":"post","link":"https:\/\/www.radiosanctispiritus.cu\/es\/hotel-melia-trinidad-peninsula-en-los-primeros-escanos-de-preferencia-en-el-caribe\/","title":{"rendered":"Hotel Meli\u00e1 Trinidad Pen\u00ednsula en los primeros esca\u00f1os de  preferencia en el Caribe (+ fotos)"},"content":{"rendered":"<p>De satisfactorio es evaluado el nivel ocupacional del hotel Meli\u00e1 Trinidad Pen\u00ednsula en este 2025;de ello dan fe los criterios registrados en Tripadvisor, una de las principales plataformas de viajes, que ubican la instalaci\u00f3n en los primeros esca\u00f1os de preferencia en el \u00e1rea del Caribe.<\/p>\n<p>Y es que en el moderno centro tur\u00edstico, categor\u00eda Cinco Estrellas, ubicado a escasos metros de la playa en el balneario Mar\u00eda Aguilar, confluyen la profesionalidad de los anfitriones, la calidad y variedad de las ofertas y el confort en cada una de sus \u00e1reas.<\/p>\n<p>Tales atributos que distinguen al hotel Meli\u00e1 Trinidad Pen\u00ednsula le aportan un sello distintivo que otorga marcada estabilidad a su nivel ocupacional, de acuerdo con Reiner Rend\u00f3n Fern\u00e1ndez, subdirector general.<\/p>\n<p><img decoding=\"async\" class=\"size-medium wp-image-58976 aligncenter\" src=\"https:\/\/www.radiosanctispiritus.cu\/es\/wp-content\/uploads\/Melia-Tdad-Peninsula-4-600x338.jpg\" alt=\"\" width=\"600\" height=\"338\" srcset=\"https:\/\/www.radiosanctispiritus.cu\/es\/wp-content\/uploads\/Melia-Tdad-Peninsula-4-600x338.jpg 600w, https:\/\/www.radiosanctispiritus.cu\/es\/wp-content\/uploads\/Melia-Tdad-Peninsula-4-768x432.jpg 768w, https:\/\/www.radiosanctispiritus.cu\/es\/wp-content\/uploads\/Melia-Tdad-Peninsula-4-960x540.jpg 960w, https:\/\/www.radiosanctispiritus.cu\/es\/wp-content\/uploads\/Melia-Tdad-Peninsula-4-605x340.jpg 605w, https:\/\/www.radiosanctispiritus.cu\/es\/wp-content\/uploads\/Melia-Tdad-Peninsula-4-290x163.jpg 290w, https:\/\/www.radiosanctispiritus.cu\/es\/wp-content\/uploads\/Melia-Tdad-Peninsula-4-460x259.jpg 460w, https:\/\/www.radiosanctispiritus.cu\/es\/wp-content\/uploads\/Melia-Tdad-Peninsula-4.jpg 1024w\" sizes=\"(max-width: 600px) 100vw, 600px\" \/><\/p>\n<p>\u201cHemos entrado a la temporada alta y vamos a alcanzar la ocupaci\u00f3n prevista, estamos ahora mismo a un 70 por ciento y vamos a cumplir con la proyecci\u00f3n de turistas-d\u00edas y con el plan t\u00e9cnico econ\u00f3mico\u201d.<\/p>\n<p>El directivo asegur\u00f3 tambi\u00e9n que, en plena temporada de invierno, este se anuncia como un mes de alza en cuanto al arribo de visitantes for\u00e1neos que optan por la modalidad de sol y playa.<\/p>\n<p>\u201cCon las peculiaridades de diciembre, que tiene una primera semana no tan alta y despu\u00e9s de la Navidad comienza una fuerte ocupaci\u00f3n, esperamos tambi\u00e9n cumplir el pron\u00f3stico de clientes previsto para el mes\u201d.<\/p>\n<p>Sobre el mercado principal de la instalaci\u00f3n, Reiner Rend\u00f3n Fern\u00e1ndez asegur\u00f3: \u201cEl principal es Canad\u00e1, que aporta un por ciento importante, y tambi\u00e9n el segmento cubano-americano, Alemania, Espa\u00f1a, Turqu\u00eda y otras nacionalidades que suman cerca de 23\u201d.<\/p>\n<p><img decoding=\"async\" class=\"size-medium wp-image-58977 aligncenter\" src=\"https:\/\/www.radiosanctispiritus.cu\/es\/wp-content\/uploads\/Melia-Tdad-Peninsula-2-600x450.jpg\" alt=\"\" width=\"600\" height=\"450\" srcset=\"https:\/\/www.radiosanctispiritus.cu\/es\/wp-content\/uploads\/Melia-Tdad-Peninsula-2-600x450.jpg 600w, https:\/\/www.radiosanctispiritus.cu\/es\/wp-content\/uploads\/Melia-Tdad-Peninsula-2-1024x768.jpg 1024w, https:\/\/www.radiosanctispiritus.cu\/es\/wp-content\/uploads\/Melia-Tdad-Peninsula-2-768x576.jpg 768w, https:\/\/www.radiosanctispiritus.cu\/es\/wp-content\/uploads\/Melia-Tdad-Peninsula-2.jpg 1040w\" sizes=\"(max-width: 600px) 100vw, 600px\" \/><\/p>\n<p>El Meli\u00e1 Trinidad Pen\u00ednsula sobresale por el confort de sus 401 habitaciones, de las cuales 80 est\u00e1n reservadas para el servicio The Level, destinado a hu\u00e9spedes mayores de 18 a\u00f1os que buscan una experiencia m\u00e1s \u00edntima y personalizada.<\/p>\n<p>El centro tur\u00edstico combina vistas al mar y a las cercanas monta\u00f1as del Escambray, tambi\u00e9n se sit\u00faa a escasos kil\u00f3metros de Trinidad de Cuba, una de las ciudades coloniales mejor conservadas de Am\u00e9rica, inscrita en la lista del Patrimonio Mundial desde el a\u00f1o 1988.<\/p>\n<p><img decoding=\"async\" class=\"size-medium wp-image-58978 aligncenter\" src=\"https:\/\/www.radiosanctispiritus.cu\/es\/wp-content\/uploads\/Melia-Tdad-Peninsula-1-600x450.jpg\" alt=\"\" width=\"600\" height=\"450\" srcset=\"https:\/\/www.radiosanctispiritus.cu\/es\/wp-content\/uploads\/Melia-Tdad-Peninsula-1-600x450.jpg 600w, https:\/\/www.radiosanctispiritus.cu\/es\/wp-content\/uploads\/Melia-Tdad-Peninsula-1-1024x768.jpg 1024w, https:\/\/www.radiosanctispiritus.cu\/es\/wp-content\/uploads\/Melia-Tdad-Peninsula-1-768x576.jpg 768w, https:\/\/www.radiosanctispiritus.cu\/es\/wp-content\/uploads\/Melia-Tdad-Peninsula-1.jpg 1040w\" sizes=\"(max-width: 600px) 100vw, 600px\" \/><\/p>\n<p>Este hotel fue oficialmente inaugurado el 14 de enero de 2024 en el contexto de las celebraciones por el aniversario 510 de la ciudad y marca la entrada de Meli\u00e1 Hotels International en el destino Trinidad de Cuba.<\/p>\n","protected":false},"excerpt":{"rendered":"<p>De satisfactorio es evaluado el nivel ocupacional del hotel Meli\u00e1 Trinidad Pen\u00ednsula en este 2025;de ello dan fe los criterios registrados en Tripadvisor, una de las principales plataformas de viajes, que ubican la instalaci\u00f3n en los primeros esca\u00f1os de preferencia en el \u00e1rea del Caribe.<\/p>\n","protected":false},"author":145,"featured_media":58972,"comment_status":"open","ping_status":"open","sticky":false,"template":"","format":"standard","meta":{"_acf_changed":false,"footnotes":""},"categories":[8,16,1,1170],"tags":[1639,54,23],"coauthors":[1886],"class_list":["post-58971","post","type-post","status-publish","format-standard","has-post-thumbnail","hentry","category-noticia","category-economia","category-sancti-spiritus","category-turismo","tag-melia-trinidad-peninsula","tag-trinidad-de-cuba","tag-turismo"],"acf":[],"_links":{"self":[{"href":"https:\/\/www.radiosanctispiritus.cu\/es\/wp-json\/wp\/v2\/posts\/58971","targetHints":{"allow":["GET"]}}],"collection":[{"href":"https:\/\/www.radiosanctispiritus.cu\/es\/wp-json\/wp\/v2\/posts"}],"about":[{"href":"https:\/\/www.radiosanctispiritus.cu\/es\/wp-json\/wp\/v2\/types\/post"}],"author":[{"embeddable":true,"href":"https:\/\/www.radiosanctispiritus.cu\/es\/wp-json\/wp\/v2\/users\/145"}],"replies":[{"embeddable":true,"href":"https:\/\/www.radiosanctispiritus.cu\/es\/wp-json\/wp\/v2\/comments?post=58971"}],"version-history":[{"count":4,"href":"https:\/\/www.radiosanctispiritus.cu\/es\/wp-json\/wp\/v2\/posts\/58971\/revisions"}],"predecessor-version":[{"id":58979,"href":"https:\/\/www.radiosanctispiritus.cu\/es\/wp-json\/wp\/v2\/posts\/58971\/revisions\/58979"}],"wp:featuredmedia":[{"embeddable":true,"href":"https:\/\/www.radiosanctispiritus.cu\/es\/wp-json\/wp\/v2\/media\/58972"}],"wp:attachment":[{"href":"https:\/\/www.radiosanctispiritus.cu\/es\/wp-json\/wp\/v2\/media?parent=58971"}],"wp:term":[{"taxonomy":"category","embeddable":true,"href":"https:\/\/www.radiosanctispiritus.cu\/es\/wp-json\/wp\/v2\/categories?post=58971"},{"taxonomy":"post_tag","embeddable":true,"href":"https:\/\/www.radiosanctispiritus.cu\/es\/wp-json\/wp\/v2\/tags?post=58971"},{"taxonomy":"author","embeddable":true,"href":"https:\/\/www.radiosanctispiritus.cu\/es\/wp-json\/wp\/v2\/coauthors?post=58971"}],"curies":[{"name":"wp","href":"https:\/\/api.w.org\/{rel}","templated":true}]}}