{"id":58956,"date":"2025-12-02T22:13:59","date_gmt":"2025-12-03T03:13:59","guid":{"rendered":"https:\/\/www.radiosanctispiritus.cu\/es\/?p=58956"},"modified":"2025-12-03T12:06:28","modified_gmt":"2025-12-03T17:06:28","slug":"participo-presidente-cubano-en-acto-por-65-anos-de-relaciones-con-vietnam","status":"publish","type":"post","link":"https:\/\/www.radiosanctispiritus.cu\/es\/participo-presidente-cubano-en-acto-por-65-anos-de-relaciones-con-vietnam\/","title":{"rendered":"Particip\u00f3 presidente cubano en acto por 65 a\u00f1os de relaciones con Vietnam"},"content":{"rendered":"<p>Miguel D\u00edaz-Canel, Primer Secretario del Comit\u00e9 Central del Partido Comunista de Cuba y Presidente de la Rep\u00fablica, y Ho Quoc Dung, vice primer ministro de Vietnam, encabezaron este martes el Acto Pol\u00edtico Cultural por el aniversario 65 del establecimiento de relaciones diplom\u00e1ticas entre ambos pa\u00edses.<\/p>\n<p>Seg\u00fan inform\u00f3 la Presidencia de Cuba en su cuenta de X, la jornada fue la ocasi\u00f3n propicia para la apertura constructiva del parque solar fotovoltaico, \u00abVista Alegre\u00bb, en el municipio de Jaruco, de la provincia de Mayabeque, donativo de la naci\u00f3n asi\u00e1tica del pa\u00eds.<\/p>\n<p>Al pronunciar las palabras centrales del acto, el jefe de Estado mencion\u00f3 la coincidencia de fechas hist\u00f3ricas, cuando celebramos este martes el D\u00eda de las Fuerzas Armadas Revolucionarias (FAR) y tambi\u00e9n los 65 a\u00f1os del establecimiento de relaciones diplom\u00e1ticas con Vietnam.<\/p>\n<p>D\u00edaz-Canel destac\u00f3 las relaciones entre los dos pa\u00edses como una larga historia de fraternidad, marcadas por la admiraci\u00f3n mutua entre los l\u00edderes hist\u00f3ricos de Cuba y Vietnam.<\/p>\n<p>Este a\u00f1o trascender\u00e1 como un a\u00f1o fecundo en las relaciones econ\u00f3micas entre los dos pa\u00edses, dijo el mandatario al resumir las acciones para continuar elevando y profundizando sus s\u00f3lidos v\u00ednculos, en diferentes \u00e1reas de cooperaci\u00f3n e intercambio.<\/p>\n<p>Se refiri\u00f3 al segundo monto del donativo de Vietnam, a partir del cari\u00f1o del pueblo de esa naci\u00f3n hacia Cuba, gesto que permite destinar fondos a los sectores energ\u00e9tico, hidr\u00e1ulico y educaci\u00f3n.<\/p>\n<p>El Presidente agradeci\u00f3 la iniciativa del Gobierno de Vietnam de donar cuatro parques solares fotovoltaicos de 20 megawatts cada uno, que contribuir\u00e1n al mejoramiento de la generaci\u00f3n el\u00e9ctrica en el pa\u00eds.<\/p>\n<p>Es un honor estar hoy aqu\u00ed, dijo el vice primer ministro vietnamita, a la vez valor\u00f3 las relaciones como trascendentales para los dos pueblos.<\/p>\n<p>Se\u00f1al\u00f3 la trayectoria hist\u00f3rica e indomable entre dos pueblos, as\u00ed como las profundas ra\u00edces que sostienen la hermandad y la solidaridad.<\/p>\n<p>El representante vietnamita record\u00f3 que Cuba fue el primer pa\u00eds del hemisferio occidental en establecer relaciones diplom\u00e1ticas con Vietnam en momentos muy dif\u00edciles para su naci\u00f3n.<\/p>\n<p>Consider\u00f3 que desde entonces la solidaridad y la cooperaci\u00f3n se han convertido en un activo invaluable entre las dos naciones para luchar por la paz.<\/p>\n<p>Ho Quoc Dung record\u00f3 ante los presentes la reciente visita del Presidente cubano que abri\u00f3 una nueva etapa en las relaciones para juntos superar los nuevos desaf\u00edos.<\/p>\n<p>Este es un presente sincero del Partido, Gobierno y pueblo de Vietnam al hermano pueblo de Cuba, el pueblo vietnamita est\u00e1 codo a codo con nuestros hermanos cubanos, expres\u00f3 al referirse al donativo de los cuatro parques solares.<\/p>\n<p>En el emotivo acto, Salvador Vald\u00e9s Mesa, vicepresidente de la Rep\u00fablica, recibi\u00f3 de forma simb\u00f3lica a nombre de nuestro pa\u00eds el donativo resultado de la campa\u00f1a desarrollada por el pueblo de Vietnam para apoyar a Cuba.<\/p>\n<p>Al finalizar la ceremonia, y de manera simb\u00f3lica, D\u00edaz-Canel junto al vice primer ministro vietnamita, Ho Quoc Dung, y varios miembros de la delegaci\u00f3n de ambos pa\u00edses, colocaron la primera piedra del parque solar fotovoltaico \u00abVista Alegre\u00bb.<\/p>\n","protected":false},"excerpt":{"rendered":"<p>Miguel D\u00edaz-Canel, Primer Secretario del Comit\u00e9 Central del Partido Comunista de Cuba y Presidente de la Rep\u00fablica, y Ho Quoc Dung, vice primer ministro de Vietnam, encabezaron este martes el Acto Pol\u00edtico Cultural por el aniversario 65 del establecimiento de relaciones diplom\u00e1ticas entre ambos pa\u00edses.<\/p>\n","protected":false},"author":123,"featured_media":58957,"comment_status":"open","ping_status":"open","sticky":false,"template":"","format":"standard","meta":{"_acf_changed":false,"footnotes":""},"categories":[8,3,4],"tags":[374,28],"coauthors":[1895],"class_list":["post-58956","post","type-post","status-publish","format-standard","has-post-thumbnail","hentry","category-noticia","category-cuba","category-internacionales","tag-cuba-vietnam","tag-miguel-diaz-canel"],"acf":[],"_links":{"self":[{"href":"https:\/\/www.radiosanctispiritus.cu\/es\/wp-json\/wp\/v2\/posts\/58956","targetHints":{"allow":["GET"]}}],"collection":[{"href":"https:\/\/www.radiosanctispiritus.cu\/es\/wp-json\/wp\/v2\/posts"}],"about":[{"href":"https:\/\/www.radiosanctispiritus.cu\/es\/wp-json\/wp\/v2\/types\/post"}],"author":[{"embeddable":true,"href":"https:\/\/www.radiosanctispiritus.cu\/es\/wp-json\/wp\/v2\/users\/123"}],"replies":[{"embeddable":true,"href":"https:\/\/www.radiosanctispiritus.cu\/es\/wp-json\/wp\/v2\/comments?post=58956"}],"version-history":[{"count":1,"href":"https:\/\/www.radiosanctispiritus.cu\/es\/wp-json\/wp\/v2\/posts\/58956\/revisions"}],"predecessor-version":[{"id":58958,"href":"https:\/\/www.radiosanctispiritus.cu\/es\/wp-json\/wp\/v2\/posts\/58956\/revisions\/58958"}],"wp:featuredmedia":[{"embeddable":true,"href":"https:\/\/www.radiosanctispiritus.cu\/es\/wp-json\/wp\/v2\/media\/58957"}],"wp:attachment":[{"href":"https:\/\/www.radiosanctispiritus.cu\/es\/wp-json\/wp\/v2\/media?parent=58956"}],"wp:term":[{"taxonomy":"category","embeddable":true,"href":"https:\/\/www.radiosanctispiritus.cu\/es\/wp-json\/wp\/v2\/categories?post=58956"},{"taxonomy":"post_tag","embeddable":true,"href":"https:\/\/www.radiosanctispiritus.cu\/es\/wp-json\/wp\/v2\/tags?post=58956"},{"taxonomy":"author","embeddable":true,"href":"https:\/\/www.radiosanctispiritus.cu\/es\/wp-json\/wp\/v2\/coauthors?post=58956"}],"curies":[{"name":"wp","href":"https:\/\/api.w.org\/{rel}","templated":true}]}}