{"id":58934,"date":"2025-12-02T17:11:51","date_gmt":"2025-12-02T22:11:51","guid":{"rendered":"https:\/\/www.radiosanctispiritus.cu\/es\/?p=58934"},"modified":"2025-12-02T17:11:51","modified_gmt":"2025-12-02T22:11:51","slug":"las-far-fuerza-uniformada-que-es-pueblo","status":"publish","type":"post","link":"https:\/\/www.radiosanctispiritus.cu\/es\/las-far-fuerza-uniformada-que-es-pueblo\/","title":{"rendered":"Las FAR, fuerza uniformada que es pueblo"},"content":{"rendered":"<p>Cuando el 2 de diciembre de 1956, los 82 expedicionarios del Granma desembarcaron por Playa Las Coloradas, lejos estaban de imaginar que esa haza\u00f1a, el mismo d\u00eda, pero de 1961, ser\u00eda motivo m\u00e1s que convincente, para la creaci\u00f3n oficial de las Fuerzas Armadas Revolucionarias (FAR).<\/p>\n<div id=\"attachment_58941\" style=\"width: 610px\" class=\"wp-caption aligncenter\"><img decoding=\"async\" aria-describedby=\"caption-attachment-58941\" class=\"size-medium wp-image-58941\" src=\"https:\/\/www.radiosanctispiritus.cu\/es\/wp-content\/uploads\/2-1-6-600x411.jpg\" alt=\"\" width=\"600\" height=\"411\" srcset=\"https:\/\/www.radiosanctispiritus.cu\/es\/wp-content\/uploads\/2-1-6-600x411.jpg 600w, https:\/\/www.radiosanctispiritus.cu\/es\/wp-content\/uploads\/2-1-6-1024x701.jpg 1024w, https:\/\/www.radiosanctispiritus.cu\/es\/wp-content\/uploads\/2-1-6-768x525.jpg 768w, https:\/\/www.radiosanctispiritus.cu\/es\/wp-content\/uploads\/2-1-6-1536x1051.jpg 1536w, https:\/\/www.radiosanctispiritus.cu\/es\/wp-content\/uploads\/2-1-6-2048x1401.jpg 2048w\" sizes=\"(max-width: 600px) 100vw, 600px\" \/><p id=\"caption-attachment-58941\" class=\"wp-caption-text\">Los j\u00f3venes soldados y oficiales se preparan cotidianamente para la defensa del pa\u00eds. Foto: Oscar Alfonso Sosa<\/p><\/div>\n<p>Desde aquel entonces, complementada por los tres ej\u00e9rcitos, el de Oriente, Centro y Occidente y por la diversidad de tropas y especialidades, la FAR se convirti\u00f3 en un brazo fuerte para el pa\u00eds.<\/p>\n<div id=\"attachment_58942\" style=\"width: 610px\" class=\"wp-caption aligncenter\"><img decoding=\"async\" aria-describedby=\"caption-attachment-58942\" class=\"size-medium wp-image-58942\" src=\"https:\/\/www.radiosanctispiritus.cu\/es\/wp-content\/uploads\/3-42-600x481.jpg\" alt=\"\" width=\"600\" height=\"481\" srcset=\"https:\/\/www.radiosanctispiritus.cu\/es\/wp-content\/uploads\/3-42-600x481.jpg 600w, https:\/\/www.radiosanctispiritus.cu\/es\/wp-content\/uploads\/3-42-1024x821.jpg 1024w, https:\/\/www.radiosanctispiritus.cu\/es\/wp-content\/uploads\/3-42-768x616.jpg 768w, https:\/\/www.radiosanctispiritus.cu\/es\/wp-content\/uploads\/3-42-1536x1232.jpg 1536w, https:\/\/www.radiosanctispiritus.cu\/es\/wp-content\/uploads\/3-42-2048x1642.jpg 2048w\" sizes=\"(max-width: 600px) 100vw, 600px\" \/><p id=\"caption-attachment-58942\" class=\"wp-caption-text\">En las condiciones m\u00e1s complicadas, la preparaci\u00f3n para la defensa se realiza con eficiencia. Foto: Oscar Alfonso Sosa<\/p><\/div>\n<p>La defensa, su prioridad, con miles de oficiales capacitados, instruidos, quienes a su vez han sido los maestros de nuevas generaciones de sus miembros.<\/p>\n<div id=\"attachment_58943\" style=\"width: 610px\" class=\"wp-caption aligncenter\"><img decoding=\"async\" aria-describedby=\"caption-attachment-58943\" class=\"size-medium wp-image-58943\" src=\"https:\/\/www.radiosanctispiritus.cu\/es\/wp-content\/uploads\/4-38-600x459.jpg\" alt=\"\" width=\"600\" height=\"459\" srcset=\"https:\/\/www.radiosanctispiritus.cu\/es\/wp-content\/uploads\/4-38-600x459.jpg 600w, https:\/\/www.radiosanctispiritus.cu\/es\/wp-content\/uploads\/4-38-1024x784.jpg 1024w, https:\/\/www.radiosanctispiritus.cu\/es\/wp-content\/uploads\/4-38-768x588.jpg 768w, https:\/\/www.radiosanctispiritus.cu\/es\/wp-content\/uploads\/4-38-1536x1175.jpg 1536w, https:\/\/www.radiosanctispiritus.cu\/es\/wp-content\/uploads\/4-38-2048x1567.jpg 2048w\" sizes=\"(max-width: 600px) 100vw, 600px\" \/><p id=\"caption-attachment-58943\" class=\"wp-caption-text\">Con sus medios y hombres, las FAR siguen siendo un barco fuerte para el pa\u00eds. Foto: Oscar Alfonso Sosa<\/p><\/div>\n<p>Y tambi\u00e9n, la fuerza que est\u00e1 en primera l\u00ednea, cada vez que la econom\u00eda, las labores de recuperaci\u00f3n despu\u00e9s de huracanes, grandes lluvias, lo precisa.<\/p>\n<div id=\"attachment_58944\" style=\"width: 610px\" class=\"wp-caption aligncenter\"><img decoding=\"async\" aria-describedby=\"caption-attachment-58944\" class=\"size-medium wp-image-58944\" src=\"https:\/\/www.radiosanctispiritus.cu\/es\/wp-content\/uploads\/5-37-600x397.jpg\" alt=\"\" width=\"600\" height=\"397\" srcset=\"https:\/\/www.radiosanctispiritus.cu\/es\/wp-content\/uploads\/5-37-600x397.jpg 600w, https:\/\/www.radiosanctispiritus.cu\/es\/wp-content\/uploads\/5-37-1024x677.jpg 1024w, https:\/\/www.radiosanctispiritus.cu\/es\/wp-content\/uploads\/5-37-768x508.jpg 768w, https:\/\/www.radiosanctispiritus.cu\/es\/wp-content\/uploads\/5-37-1536x1015.jpg 1536w, https:\/\/www.radiosanctispiritus.cu\/es\/wp-content\/uploads\/5-37-2048x1354.jpg 2048w\" sizes=\"(max-width: 600px) 100vw, 600px\" \/><p id=\"caption-attachment-58944\" class=\"wp-caption-text\">Tambi\u00e9n, en los momentos que marcan homenaje a los h\u00e9roes y m\u00e1rtires, las FAR es protagonista. Foto: Oscar Alfonso Sosa<\/p><\/div>\n<p>Sin olvidar su rol en etapas tan dif\u00edciles como la lucha contra la Covid 19 en toda la naci\u00f3n.<\/p>\n<div id=\"attachment_58945\" style=\"width: 610px\" class=\"wp-caption aligncenter\"><img decoding=\"async\" aria-describedby=\"caption-attachment-58945\" class=\"size-medium wp-image-58945\" src=\"https:\/\/www.radiosanctispiritus.cu\/es\/wp-content\/uploads\/6-30-600x398.jpg\" alt=\"\" width=\"600\" height=\"398\" srcset=\"https:\/\/www.radiosanctispiritus.cu\/es\/wp-content\/uploads\/6-30-600x398.jpg 600w, https:\/\/www.radiosanctispiritus.cu\/es\/wp-content\/uploads\/6-30-1024x678.jpg 1024w, https:\/\/www.radiosanctispiritus.cu\/es\/wp-content\/uploads\/6-30-768x509.jpg 768w, https:\/\/www.radiosanctispiritus.cu\/es\/wp-content\/uploads\/6-30-1536x1018.jpg 1536w, https:\/\/www.radiosanctispiritus.cu\/es\/wp-content\/uploads\/6-30.jpg 1920w\" sizes=\"(max-width: 600px) 100vw, 600px\" \/><p id=\"caption-attachment-58945\" class=\"wp-caption-text\">Por la defensa de las conquistas de la revoluci\u00f3n y la tranquilidad del pueblo, oficiales y soldados consolidan su preparaci\u00f3n. Foto: Oscar Alfonso Sosa<\/p><\/div>\n<p>Es en s\u00ed, las FAR, ese gran ej\u00e9rcito nutrido de pueblo, al que se debe. Hoy, en su cumplea\u00f1os, se\u00f1ala la senda de la confianza, el deber, el compromiso y el patriotismo.<\/p>\n","protected":false},"excerpt":{"rendered":"<p>Cuando el 2 de diciembre de 1956, los 82 expedicionarios del Granma desembarcaron por Playa Las Coloradas, lejos estaban de imaginar que esa haza\u00f1a, el mismo d\u00eda, pero de 1961, ser\u00eda motivo m\u00e1s que convincente, para la creaci\u00f3n oficial de las Fuerzas Armadas Revolucionarias (FAR).<\/p>\n","protected":false},"author":15,"featured_media":58937,"comment_status":"open","ping_status":"open","sticky":false,"template":"","format":"standard","meta":{"_acf_changed":false,"footnotes":""},"categories":[8,3,11,1],"tags":[],"coauthors":[1884],"class_list":["post-58934","post","type-post","status-publish","format-standard","has-post-thumbnail","hentry","category-noticia","category-cuba","category-fotorreportaje","category-sancti-spiritus"],"acf":[],"_links":{"self":[{"href":"https:\/\/www.radiosanctispiritus.cu\/es\/wp-json\/wp\/v2\/posts\/58934","targetHints":{"allow":["GET"]}}],"collection":[{"href":"https:\/\/www.radiosanctispiritus.cu\/es\/wp-json\/wp\/v2\/posts"}],"about":[{"href":"https:\/\/www.radiosanctispiritus.cu\/es\/wp-json\/wp\/v2\/types\/post"}],"author":[{"embeddable":true,"href":"https:\/\/www.radiosanctispiritus.cu\/es\/wp-json\/wp\/v2\/users\/15"}],"replies":[{"embeddable":true,"href":"https:\/\/www.radiosanctispiritus.cu\/es\/wp-json\/wp\/v2\/comments?post=58934"}],"version-history":[{"count":2,"href":"https:\/\/www.radiosanctispiritus.cu\/es\/wp-json\/wp\/v2\/posts\/58934\/revisions"}],"predecessor-version":[{"id":58947,"href":"https:\/\/www.radiosanctispiritus.cu\/es\/wp-json\/wp\/v2\/posts\/58934\/revisions\/58947"}],"wp:featuredmedia":[{"embeddable":true,"href":"https:\/\/www.radiosanctispiritus.cu\/es\/wp-json\/wp\/v2\/media\/58937"}],"wp:attachment":[{"href":"https:\/\/www.radiosanctispiritus.cu\/es\/wp-json\/wp\/v2\/media?parent=58934"}],"wp:term":[{"taxonomy":"category","embeddable":true,"href":"https:\/\/www.radiosanctispiritus.cu\/es\/wp-json\/wp\/v2\/categories?post=58934"},{"taxonomy":"post_tag","embeddable":true,"href":"https:\/\/www.radiosanctispiritus.cu\/es\/wp-json\/wp\/v2\/tags?post=58934"},{"taxonomy":"author","embeddable":true,"href":"https:\/\/www.radiosanctispiritus.cu\/es\/wp-json\/wp\/v2\/coauthors?post=58934"}],"curies":[{"name":"wp","href":"https:\/\/api.w.org\/{rel}","templated":true}]}}