{"id":58843,"date":"2025-12-01T14:47:28","date_gmt":"2025-12-01T19:47:28","guid":{"rendered":"https:\/\/www.radiosanctispiritus.cu\/es\/?p=58843"},"modified":"2025-12-01T17:16:10","modified_gmt":"2025-12-01T22:16:10","slug":"un-guia-trinitario-de-turismo-ahora-incursiona-en-la-fotografia","status":"publish","type":"post","link":"https:\/\/www.radiosanctispiritus.cu\/es\/un-guia-trinitario-de-turismo-ahora-incursiona-en-la-fotografia\/","title":{"rendered":"Un gu\u00eda trinitario de turismo ahora incursiona en la fotograf\u00eda"},"content":{"rendered":"<p><span class=\"x193iq5w xeuugli x13faqbe x1vvkbs x10flsy6 x1lliihq x1s928wv xhkezso x1gmr53x x1cpjm7i x1fgarty x1943h6x x4zkp8e x41vudc x6prxxf xvq8zen xo1l8bm xzsf02u x1yc453h\" dir=\"auto\">Osmany Medina Ramos no es fot\u00f3grafo profesional, pero a fuerza de elogios por sus instant\u00e1neas a trav\u00e9s de las redes sociales, le han otorgado esa profesi\u00f3n ,bastan los likes que ganan sus obras.<\/span><\/p>\n<p><span class=\"x193iq5w xeuugli x13faqbe x1vvkbs x10flsy6 x1lliihq x1s928wv xhkezso x1gmr53x x1cpjm7i x1fgarty x1943h6x x4zkp8e x41vudc x6prxxf xvq8zen xo1l8bm xzsf02u x1yc453h\" dir=\"auto\">Es el gu\u00eda de turismo, el profesor de Lenguas Extranjeras que ahora incursiona en la fotograf\u00eda : en su perfil de Facebook late el patrimonio edificado de la Ciudad Museo del Mar Caribe.<\/span><\/p>\n<p><iframe src=\"https:\/\/www.ivoox.com\/player_ej_163429913_6_1.html?c1=7a0d0b\" width=\"100%\" height=\"200\" frameborder=\"0\" scrolling=\"no\" allowfullscreen=\"allowfullscreen\"><\/iframe><\/p>\n<p>&nbsp;<\/p>\n<div id=\"attachment_58844\" style=\"width: 536px\" class=\"wp-caption aligncenter\"><img decoding=\"async\" aria-describedby=\"caption-attachment-58844\" class=\"size-full wp-image-58844\" src=\"https:\/\/www.radiosanctispiritus.cu\/es\/wp-content\/uploads\/590286977_24901109366176927_4915924826795663520_n.jpg\" alt=\"\" width=\"526\" height=\"701\" \/><p id=\"caption-attachment-58844\" class=\"wp-caption-text\">Foto: Osmany Medina Ramos<\/p><\/div>\n","protected":false},"excerpt":{"rendered":"<p>Osmany Medina Ramos no es fot\u00f3grafo profesional, pero a fuerza de elogios por sus instant\u00e1neas a trav\u00e9s de las redes sociales, le han otorgado esa profesi\u00f3n ,bastan los likes que ganan sus obras.<\/p>\n","protected":false},"author":145,"featured_media":58904,"comment_status":"open","ping_status":"open","sticky":false,"template":"","format":"standard","meta":{"_acf_changed":false,"footnotes":""},"categories":[8,6,9,1170],"tags":[],"coauthors":[1886],"class_list":["post-58843","post","type-post","status-publish","format-standard","has-post-thumbnail","hentry","category-noticia","category-cultura","category-en-audio","category-turismo"],"acf":[],"_links":{"self":[{"href":"https:\/\/www.radiosanctispiritus.cu\/es\/wp-json\/wp\/v2\/posts\/58843","targetHints":{"allow":["GET"]}}],"collection":[{"href":"https:\/\/www.radiosanctispiritus.cu\/es\/wp-json\/wp\/v2\/posts"}],"about":[{"href":"https:\/\/www.radiosanctispiritus.cu\/es\/wp-json\/wp\/v2\/types\/post"}],"author":[{"embeddable":true,"href":"https:\/\/www.radiosanctispiritus.cu\/es\/wp-json\/wp\/v2\/users\/145"}],"replies":[{"embeddable":true,"href":"https:\/\/www.radiosanctispiritus.cu\/es\/wp-json\/wp\/v2\/comments?post=58843"}],"version-history":[{"count":3,"href":"https:\/\/www.radiosanctispiritus.cu\/es\/wp-json\/wp\/v2\/posts\/58843\/revisions"}],"predecessor-version":[{"id":58900,"href":"https:\/\/www.radiosanctispiritus.cu\/es\/wp-json\/wp\/v2\/posts\/58843\/revisions\/58900"}],"wp:featuredmedia":[{"embeddable":true,"href":"https:\/\/www.radiosanctispiritus.cu\/es\/wp-json\/wp\/v2\/media\/58904"}],"wp:attachment":[{"href":"https:\/\/www.radiosanctispiritus.cu\/es\/wp-json\/wp\/v2\/media?parent=58843"}],"wp:term":[{"taxonomy":"category","embeddable":true,"href":"https:\/\/www.radiosanctispiritus.cu\/es\/wp-json\/wp\/v2\/categories?post=58843"},{"taxonomy":"post_tag","embeddable":true,"href":"https:\/\/www.radiosanctispiritus.cu\/es\/wp-json\/wp\/v2\/tags?post=58843"},{"taxonomy":"author","embeddable":true,"href":"https:\/\/www.radiosanctispiritus.cu\/es\/wp-json\/wp\/v2\/coauthors?post=58843"}],"curies":[{"name":"wp","href":"https:\/\/api.w.org\/{rel}","templated":true}]}}