{"id":58809,"date":"2025-11-30T05:56:11","date_gmt":"2025-11-30T10:56:11","guid":{"rendered":"https:\/\/www.radiosanctispiritus.cu\/es\/?p=58809"},"modified":"2025-11-29T18:00:37","modified_gmt":"2025-11-29T23:00:37","slug":"artista-visual-william-bonilla-regresa-a-los-escenarios-por-la-puerta-ancha","status":"publish","type":"post","link":"https:\/\/www.radiosanctispiritus.cu\/es\/artista-visual-william-bonilla-regresa-a-los-escenarios-por-la-puerta-ancha\/","title":{"rendered":"Artista visual William Bonilla regresa a los escenarios por la puerta ancha"},"content":{"rendered":"<p>Despu\u00e9s de un largo impase, William Bonilla Palacios regres\u00f3 a los escenarios expositivos. Precisamente, retorn\u00f3 por la puerta ancha al llevarse a casa una menci\u00f3n en el 36 Sal\u00f3n de Arte Contempor\u00e1neo Oscar Fern\u00e1ndez Morera de Sancti Sp\u00edritus.<\/p>\n<p><iframe src=\"https:\/\/www.ivoox.com\/player_ej_163450323_6_1.html?c1=7a0d0b\" width=\"100%\" height=\"200\" frameborder=\"0\" allowfullscreen=\"\" scrolling=\"no\" loading=\"lazy\"><\/iframe><\/p>\n","protected":false},"excerpt":{"rendered":"<p>Despu\u00e9s de un largo impase, William Bonilla Palacios regres\u00f3 a los escenarios expositivos<\/p>\n","protected":false},"author":12,"featured_media":58810,"comment_status":"open","ping_status":"open","sticky":false,"template":"","format":"standard","meta":{"_acf_changed":false,"footnotes":""},"categories":[8,6,9,1],"tags":[360,1773],"coauthors":[1864],"class_list":["post-58809","post","type-post","status-publish","format-standard","has-post-thumbnail","hentry","category-noticia","category-cultura","category-en-audio","category-sancti-spiritus","tag-cultura-espirituana","tag-galeria-de-arte-oscar-fernandez-morera"],"acf":[],"_links":{"self":[{"href":"https:\/\/www.radiosanctispiritus.cu\/es\/wp-json\/wp\/v2\/posts\/58809","targetHints":{"allow":["GET"]}}],"collection":[{"href":"https:\/\/www.radiosanctispiritus.cu\/es\/wp-json\/wp\/v2\/posts"}],"about":[{"href":"https:\/\/www.radiosanctispiritus.cu\/es\/wp-json\/wp\/v2\/types\/post"}],"author":[{"embeddable":true,"href":"https:\/\/www.radiosanctispiritus.cu\/es\/wp-json\/wp\/v2\/users\/12"}],"replies":[{"embeddable":true,"href":"https:\/\/www.radiosanctispiritus.cu\/es\/wp-json\/wp\/v2\/comments?post=58809"}],"version-history":[{"count":2,"href":"https:\/\/www.radiosanctispiritus.cu\/es\/wp-json\/wp\/v2\/posts\/58809\/revisions"}],"predecessor-version":[{"id":58812,"href":"https:\/\/www.radiosanctispiritus.cu\/es\/wp-json\/wp\/v2\/posts\/58809\/revisions\/58812"}],"wp:featuredmedia":[{"embeddable":true,"href":"https:\/\/www.radiosanctispiritus.cu\/es\/wp-json\/wp\/v2\/media\/58810"}],"wp:attachment":[{"href":"https:\/\/www.radiosanctispiritus.cu\/es\/wp-json\/wp\/v2\/media?parent=58809"}],"wp:term":[{"taxonomy":"category","embeddable":true,"href":"https:\/\/www.radiosanctispiritus.cu\/es\/wp-json\/wp\/v2\/categories?post=58809"},{"taxonomy":"post_tag","embeddable":true,"href":"https:\/\/www.radiosanctispiritus.cu\/es\/wp-json\/wp\/v2\/tags?post=58809"},{"taxonomy":"author","embeddable":true,"href":"https:\/\/www.radiosanctispiritus.cu\/es\/wp-json\/wp\/v2\/coauthors?post=58809"}],"curies":[{"name":"wp","href":"https:\/\/api.w.org\/{rel}","templated":true}]}}