{"id":58783,"date":"2025-11-29T09:18:48","date_gmt":"2025-11-29T14:18:48","guid":{"rendered":"https:\/\/www.radiosanctispiritus.cu\/es\/?p=58783"},"modified":"2025-11-29T09:18:48","modified_gmt":"2025-11-29T14:18:48","slug":"cuba-denuncia-interferencia-electromagnetica-de-ee-uu-en-el-caribe","status":"publish","type":"post","link":"https:\/\/www.radiosanctispiritus.cu\/es\/cuba-denuncia-interferencia-electromagnetica-de-ee-uu-en-el-caribe\/","title":{"rendered":"Cuba denuncia interferencia electromagn\u00e9tica de EE.UU. en el Caribe"},"content":{"rendered":"<p>El canciller de Cuba, Bruno Rodr\u00edguez, acus\u00f3 a Estados Unidos de generar una \u00abpersistente interferencia electromagn\u00e9tica\u00bb en el espacio a\u00e9reo del Caribe, espec\u00edficamente sobre Venezuela, en medio del despliegue militar estadounidense en la regi\u00f3n, calificado por Caracas como una agresi\u00f3n para apoderarse de sus recursos.<\/p>\n<blockquote class=\"twitter-tweet\">\n<p dir=\"ltr\" lang=\"es\">Denunciamos persistente interferencia electromagn\u00e9tica en el Caribe, particularmente sobre el espacio a\u00e9reo de <a href=\"https:\/\/twitter.com\/hashtag\/Venezuela?src=hash&amp;ref_src=twsrc%5Etfw\" target=\"_blank\" rel=\"noopener noreferrer nofollow\">#Venezuela<\/a>, provocada por el ofensivo y extraordinario despliegue militar de <a href=\"https:\/\/twitter.com\/hashtag\/EEUU?src=hash&amp;ref_src=twsrc%5Etfw\" target=\"_blank\" rel=\"noopener noreferrer nofollow\">#EEUU<\/a> en la regi\u00f3n.<\/p>\n<p>Forma parte de la escalada de la agresi\u00f3n militar y la guerra\u2026 <a href=\"https:\/\/t.co\/hilia2oq2T\" target=\"_blank\" rel=\"noopener noreferrer nofollow\">pic.twitter.com\/hilia2oq2T<\/a><\/p>\n<p>\u2014 Bruno Rodr\u00edguez P (@BrunoRguezP) <a href=\"https:\/\/twitter.com\/BrunoRguezP\/status\/1994747898404196539?ref_src=twsrc%5Etfw\" target=\"_blank\" rel=\"noopener noreferrer nofollow\">November 29, 2025<\/a><\/p><\/blockquote>\n<p><script async src=\"https:\/\/platform.twitter.com\/widgets.js\" charset=\"utf-8\"><\/script><\/p>\n<p>\u00abDenunciamos persistente interferencia electromagn\u00e9tica en el Caribe, particularmente sobre el espacio a\u00e9reo de Venezuela, provocada por el ofensivo y extraordinario despliegue militar de EE.UU. en la regi\u00f3n\u00bb, escribi\u00f3 en X.<\/p>\n<p>Asimismo, Rodr\u00edguez sostuvo que estas medidas constituyen una \u00abescalada de la agresi\u00f3n militar y la guerra psicol\u00f3gica contra territorio venezolano, dirigidas a derrocar por la fuerza al leg\u00edtimo Gobierno de esa hermana naci\u00f3n de nuestra Am\u00e9rica\u00bb.<\/p>\n<p>La Administraci\u00f3n de Donald Trump ha escalado esta jornada su agresi\u00f3n contra Venezuela, anunciando el cierre total del espacio a\u00e9reo sobre y alrededor del pa\u00eds caribe\u00f1o. Esta medida se enmarca en la masiva operaci\u00f3n militar desplegada por Washington en la regi\u00f3n, la cual ha sido denunciada en\u00e9rgicamente por Car\u00e1cas, as\u00ed como por gobiernos y organismos internacionales.<\/p>\n<h3>El pretexto para la agresi\u00f3n<\/h3>\n<p>EE.UU. justifica su despliegue militar, denominado operaci\u00f3n \u2018Lanza del Sur\u2019, como una lucha contra el narcotr\u00e1fico, acusando sin pruebas al presidente de Venezuela, Nicol\u00e1s Maduro, de liderar un c\u00e1rtel. Sin embargo, esta narrativa carece de sustento. Tanto la ONU como la propia Administraci\u00f3n de Control de Drogas de EE.UU. (DEA) se\u00f1alan que Venezuela no es el itinerario principal para el tr\u00e1fico de drogas hacia EE.UU., que utiliza mayoritariamente la ruta del Pac\u00edfico.<\/p>\n<p>Como parte de esta supuesta lucha, se han realizado bombardeos contra embarcaciones, resultando en decenas de muertos sin que se hayan presentado evidencias de que se tratara de narcotraficantes. Expertos internacionales han condenado estos hechos como \u00abejecuciones sumarias\u00bb que violan el derecho internacional.<\/p>\n<p><em><strong>Tomado de <a href=\"https:\/\/actualidad.rt.com\/actualidad\/575057-cuba-denuncia-interferencia-electromagnetica-eeuu-caribe\" target=\"_blank\" rel=\"noopener noreferrer nofollow\">RT en Espa\u00f1ol<\/a><\/strong><\/em><\/p>\n","protected":false},"excerpt":{"rendered":"<p>El canciller cubano afirm\u00f3 que estas medidas suponen una escalada de la agresi\u00f3n militar y psicol\u00f3gica para derrocar por la fuerza al Gobierno leg\u00edtimo de Venezuela.<\/p>\n","protected":false},"author":4,"featured_media":58784,"comment_status":"open","ping_status":"open","sticky":false,"template":"","format":"standard","meta":{"_acf_changed":false,"footnotes":""},"categories":[8,3,4],"tags":[1081],"coauthors":[1883],"class_list":["post-58783","post","type-post","status-publish","format-standard","has-post-thumbnail","hentry","category-noticia","category-cuba","category-internacionales","tag-venezuela-ee-uu"],"acf":[],"_links":{"self":[{"href":"https:\/\/www.radiosanctispiritus.cu\/es\/wp-json\/wp\/v2\/posts\/58783","targetHints":{"allow":["GET"]}}],"collection":[{"href":"https:\/\/www.radiosanctispiritus.cu\/es\/wp-json\/wp\/v2\/posts"}],"about":[{"href":"https:\/\/www.radiosanctispiritus.cu\/es\/wp-json\/wp\/v2\/types\/post"}],"author":[{"embeddable":true,"href":"https:\/\/www.radiosanctispiritus.cu\/es\/wp-json\/wp\/v2\/users\/4"}],"replies":[{"embeddable":true,"href":"https:\/\/www.radiosanctispiritus.cu\/es\/wp-json\/wp\/v2\/comments?post=58783"}],"version-history":[{"count":2,"href":"https:\/\/www.radiosanctispiritus.cu\/es\/wp-json\/wp\/v2\/posts\/58783\/revisions"}],"predecessor-version":[{"id":58786,"href":"https:\/\/www.radiosanctispiritus.cu\/es\/wp-json\/wp\/v2\/posts\/58783\/revisions\/58786"}],"wp:featuredmedia":[{"embeddable":true,"href":"https:\/\/www.radiosanctispiritus.cu\/es\/wp-json\/wp\/v2\/media\/58784"}],"wp:attachment":[{"href":"https:\/\/www.radiosanctispiritus.cu\/es\/wp-json\/wp\/v2\/media?parent=58783"}],"wp:term":[{"taxonomy":"category","embeddable":true,"href":"https:\/\/www.radiosanctispiritus.cu\/es\/wp-json\/wp\/v2\/categories?post=58783"},{"taxonomy":"post_tag","embeddable":true,"href":"https:\/\/www.radiosanctispiritus.cu\/es\/wp-json\/wp\/v2\/tags?post=58783"},{"taxonomy":"author","embeddable":true,"href":"https:\/\/www.radiosanctispiritus.cu\/es\/wp-json\/wp\/v2\/coauthors?post=58783"}],"curies":[{"name":"wp","href":"https:\/\/api.w.org\/{rel}","templated":true}]}}