{"id":58611,"date":"2025-11-27T02:40:12","date_gmt":"2025-11-27T07:40:12","guid":{"rendered":"https:\/\/www.radiosanctispiritus.cu\/es\/?p=58611"},"modified":"2025-11-27T02:41:52","modified_gmt":"2025-11-27T07:41:52","slug":"ante-situacion-epidemiologica-sancti-spiritus-emprende-campana-intensiva-de-fumigacion","status":"publish","type":"post","link":"https:\/\/www.radiosanctispiritus.cu\/es\/ante-situacion-epidemiologica-sancti-spiritus-emprende-campana-intensiva-de-fumigacion\/","title":{"rendered":"Sancti Sp\u00edritus emprende campa\u00f1a intensiva de fumigaci\u00f3n"},"content":{"rendered":"<p>El dengue, el chikungunya y otras enfermedades transmitidas por los mosquitos se convierten en una preocupaci\u00f3n creciente, por lo que se desarrolla una campa\u00f1a intensiva de fumigaci\u00f3n en la cabecera provincial.<\/p>\n<p>Octavio Catal\u00e1 Correa, jefe de vectores en funciones del municipio espirituano, ofreci\u00f3 criterios acerca de c\u00f3mo se organizan las brigadas de fumigaci\u00f3n, cu\u00e1les son las zonas m\u00e1s vulnerables y qu\u00e9 medidas debemos asumir para apoyar estas labores.<\/p>\n<p>\u00abEn el municipio de Sancti Sp\u00edritus se est\u00e1n realizando las labores estratificadamente por consultorios m\u00e9dicos y por \u00e1reas de salud.\u00a0Por ejemplo, la zona m\u00e1s complicada que tiene el \u00e1rea es la zona de los Olivos 3.<\/p>\n<p>Consejo Popular Parque, complicado tambi\u00e9n.<\/p>\n<p>\u00abEstamos fumigando, el \u00e1rea sur est\u00e1 implicado en la parte de Jes\u00fas Mar\u00eda y estamos intencionando dos y tres pases de fumigaci\u00f3n en la semana y haciendo la estratificaci\u00f3n de otra zona, pues se le va a llegar al 100% del universo de cada \u00e1rea de salud.\u00a0Semanalmente se van cambiando los universos, tratando de que todo salga bien\u00bb.<\/p>\n<p><iframe src=\"https:\/\/www.ivoox.com\/player_ej_163349306_6_1.html?c1=7a0d0b\" width=\"100%\" height=\"200\" frameborder=\"0\" scrolling=\"no\" allowfullscreen=\"allowfullscreen\"><\/iframe><\/p>\n","protected":false},"excerpt":{"rendered":"<p>El dengue, el chikungunya y otras enfermedades transmitidas por los mosquitos se convierten en una preocupaci\u00f3n creciente, por lo que se desarrolla una campa\u00f1a intensiva de fumigaci\u00f3n en la cabecera provincial.<\/p>\n","protected":false},"author":166,"featured_media":57346,"comment_status":"open","ping_status":"open","sticky":false,"template":"","format":"standard","meta":{"_acf_changed":false,"footnotes":""},"categories":[8,9,5,1],"tags":[2034,2105,82,944,943,24],"coauthors":[1901],"class_list":["post-58611","post","type-post","status-publish","format-standard","has-post-thumbnail","hentry","category-noticia","category-en-audio","category-salud","category-sancti-spiritus","tag-arbovirosis","tag-campana-antivectorial","tag-dengue","tag-epidemiologia","tag-higiene","tag-salud"],"acf":[],"_links":{"self":[{"href":"https:\/\/www.radiosanctispiritus.cu\/es\/wp-json\/wp\/v2\/posts\/58611","targetHints":{"allow":["GET"]}}],"collection":[{"href":"https:\/\/www.radiosanctispiritus.cu\/es\/wp-json\/wp\/v2\/posts"}],"about":[{"href":"https:\/\/www.radiosanctispiritus.cu\/es\/wp-json\/wp\/v2\/types\/post"}],"author":[{"embeddable":true,"href":"https:\/\/www.radiosanctispiritus.cu\/es\/wp-json\/wp\/v2\/users\/166"}],"replies":[{"embeddable":true,"href":"https:\/\/www.radiosanctispiritus.cu\/es\/wp-json\/wp\/v2\/comments?post=58611"}],"version-history":[{"count":2,"href":"https:\/\/www.radiosanctispiritus.cu\/es\/wp-json\/wp\/v2\/posts\/58611\/revisions"}],"predecessor-version":[{"id":58613,"href":"https:\/\/www.radiosanctispiritus.cu\/es\/wp-json\/wp\/v2\/posts\/58611\/revisions\/58613"}],"wp:featuredmedia":[{"embeddable":true,"href":"https:\/\/www.radiosanctispiritus.cu\/es\/wp-json\/wp\/v2\/media\/57346"}],"wp:attachment":[{"href":"https:\/\/www.radiosanctispiritus.cu\/es\/wp-json\/wp\/v2\/media?parent=58611"}],"wp:term":[{"taxonomy":"category","embeddable":true,"href":"https:\/\/www.radiosanctispiritus.cu\/es\/wp-json\/wp\/v2\/categories?post=58611"},{"taxonomy":"post_tag","embeddable":true,"href":"https:\/\/www.radiosanctispiritus.cu\/es\/wp-json\/wp\/v2\/tags?post=58611"},{"taxonomy":"author","embeddable":true,"href":"https:\/\/www.radiosanctispiritus.cu\/es\/wp-json\/wp\/v2\/coauthors?post=58611"}],"curies":[{"name":"wp","href":"https:\/\/api.w.org\/{rel}","templated":true}]}}