{"id":58530,"date":"2025-11-26T08:06:13","date_gmt":"2025-11-26T13:06:13","guid":{"rendered":"https:\/\/www.radiosanctispiritus.cu\/es\/?p=58530"},"modified":"2025-11-26T08:06:13","modified_gmt":"2025-11-26T13:06:13","slug":"concluyo-en-la-provincia-proceso-de-debate-del-anteproyecto-de-codigo-del-trabajo","status":"publish","type":"post","link":"https:\/\/www.radiosanctispiritus.cu\/es\/concluyo-en-la-provincia-proceso-de-debate-del-anteproyecto-de-codigo-del-trabajo\/","title":{"rendered":"Concluy\u00f3 en la provincia proceso de debate del anteproyecto de C\u00f3digo del Trabajo"},"content":{"rendered":"<p>La provincia de Sancti Sp\u00edritus concluy\u00f3, seg\u00fan lo previsto y de manera satisfactoria, el proceso de consulta del anteproyecto de ley del C\u00f3digo de Trabajo. As\u00ed lo declar\u00f3 a esta emisora la miembro del Secretariado Provincial de la Central Obrera en predios espirituanos.<\/p>\n<p><iframe src=\"https:\/\/www.ivoox.com\/player_ej_163205915_6_1.html?c1=7a0d0b\" width=\"100%\" height=\"200\" frameborder=\"0\" allowfullscreen=\"\" scrolling=\"no\" loading=\"lazy\"><\/iframe><\/p>\n","protected":false},"excerpt":{"rendered":"<p>La provincia de Sancti Sp\u00edritus concluy\u00f3, seg\u00fan lo previsto y de manera satisfactoria, el proceso de consulta del anteproyecto de ley del C\u00f3digo de Trabajo<\/p>\n","protected":false},"author":173,"featured_media":41309,"comment_status":"open","ping_status":"open","sticky":false,"template":"","format":"standard","meta":{"_acf_changed":false,"footnotes":""},"categories":[8,9,1],"tags":[226,1984],"coauthors":[1865],"class_list":["post-58530","post","type-post","status-publish","format-standard","has-post-thumbnail","hentry","category-noticia","category-en-audio","category-sancti-spiritus","tag-anteproyecto","tag-codigo-de-trabajo"],"acf":[],"_links":{"self":[{"href":"https:\/\/www.radiosanctispiritus.cu\/es\/wp-json\/wp\/v2\/posts\/58530","targetHints":{"allow":["GET"]}}],"collection":[{"href":"https:\/\/www.radiosanctispiritus.cu\/es\/wp-json\/wp\/v2\/posts"}],"about":[{"href":"https:\/\/www.radiosanctispiritus.cu\/es\/wp-json\/wp\/v2\/types\/post"}],"author":[{"embeddable":true,"href":"https:\/\/www.radiosanctispiritus.cu\/es\/wp-json\/wp\/v2\/users\/173"}],"replies":[{"embeddable":true,"href":"https:\/\/www.radiosanctispiritus.cu\/es\/wp-json\/wp\/v2\/comments?post=58530"}],"version-history":[{"count":2,"href":"https:\/\/www.radiosanctispiritus.cu\/es\/wp-json\/wp\/v2\/posts\/58530\/revisions"}],"predecessor-version":[{"id":58532,"href":"https:\/\/www.radiosanctispiritus.cu\/es\/wp-json\/wp\/v2\/posts\/58530\/revisions\/58532"}],"wp:featuredmedia":[{"embeddable":true,"href":"https:\/\/www.radiosanctispiritus.cu\/es\/wp-json\/wp\/v2\/media\/41309"}],"wp:attachment":[{"href":"https:\/\/www.radiosanctispiritus.cu\/es\/wp-json\/wp\/v2\/media?parent=58530"}],"wp:term":[{"taxonomy":"category","embeddable":true,"href":"https:\/\/www.radiosanctispiritus.cu\/es\/wp-json\/wp\/v2\/categories?post=58530"},{"taxonomy":"post_tag","embeddable":true,"href":"https:\/\/www.radiosanctispiritus.cu\/es\/wp-json\/wp\/v2\/tags?post=58530"},{"taxonomy":"author","embeddable":true,"href":"https:\/\/www.radiosanctispiritus.cu\/es\/wp-json\/wp\/v2\/coauthors?post=58530"}],"curies":[{"name":"wp","href":"https:\/\/api.w.org\/{rel}","templated":true}]}}