{"id":58470,"date":"2025-11-25T19:12:20","date_gmt":"2025-11-26T00:12:20","guid":{"rendered":"https:\/\/www.radiosanctispiritus.cu\/es\/?p=58470"},"modified":"2025-11-25T14:23:49","modified_gmt":"2025-11-25T19:23:49","slug":"cierra-en-2025-tramites-para-legalizar-viviendas-construidas-antes-de-2019","status":"publish","type":"post","link":"https:\/\/www.radiosanctispiritus.cu\/es\/cierra-en-2025-tramites-para-legalizar-viviendas-construidas-antes-de-2019\/","title":{"rendered":"Cierra en 2025 tr\u00e1mites para legalizar viviendas construidas antes de 2019"},"content":{"rendered":"<p>La Direcci\u00f3n Municipal de la Vivienda en Cabaigu\u00e1n ejecuta varias acciones para atender a quien acude a sus oficinas en la b\u00fasqueda de orientaciones para legalizar sus viviendas adquiridas o construidas antes del 2019, seg\u00fan acuerdo 85-74 del Comit\u00e9 Ejecutivo del Consejo del Ministros del 12 de marzo de 2019.<\/p>\n<p>Seg\u00fan Li\u00e9nica Hern\u00e1ndez Inciarte, jefa del Departamento de Derechos de esta entidad, este acuerdo est\u00e1 destinado a reordenar las propiedades, ya que muchas personas ocupan viviendas que no tienen titularidad, algunos la han construido, otros la han comprado de manera informal y este es el momento para legalizar estas ocupaciones, que como requisito este acto debe haberse realizado antes del 2019.<\/p>\n<p>Hern\u00e1ndez Inciarte explic\u00f3 que la persona interesada en este tr\u00e1mite debe acudir a la Direcci\u00f3n de Ordenamiento Territorial y Urban\u00edstico, otrora Unidad de Planificaci\u00f3n F\u00edsica, ubicada en la calle Tom\u00e1s P\u00e9rez Castro, entre Gramonte y Maz\u00f3, en Cabaigu\u00e1n, donde all\u00ed se le entregar\u00e1 un documento para que solicite a la Direcci\u00f3n Municipal de la Vivienda si existe o no alg\u00fan antecedente de este inmueble.<\/p>\n<p>De no existir, se retoma a a la Direcci\u00f3n de Ordenamiento Territorial y Urban\u00edstico para dar entrada y hacerle el dictamen t\u00e9cnico, documento id\u00f3neo mediante el cual se puede describir y dar el valor que tenga el inmueble.<\/p>\n<p>La funcionaria detall\u00f3 que con este dictamen vuelve a la Direcci\u00f3n de la Vivienda, donde se radica un expediente y se le hace el t\u00edtulo de propiedad.<\/p>\n<p>Luego se retoma a la Direcci\u00f3n de Ordenamiento Territorial y Urban\u00edstico, donde le cobran el terreno en el cual est\u00e1 enclavada la vivienda, inmueble que queda listo para su inscripci\u00f3n en el registro de propiedad y de esa manera adquieren legalidad los referidos locales.<\/p>\n<p><iframe src=\"https:\/\/www.ivoox.com\/player_ej_163172039_6_1.html?c1=7a0d0b\" width=\"100%\" height=\"200\" frameborder=\"0\" scrolling=\"no\" allowfullscreen=\"allowfullscreen\"><\/iframe><\/p>\n","protected":false},"excerpt":{"rendered":"<p>La Direcci\u00f3n Municipal de la Vivienda en Cabaigu\u00e1n ejecuta varias acciones para atender a quien acude a sus oficinas en la b\u00fasqueda de orientaciones para legalizar sus viviendas adquiridas o construidas antes del 2019, seg\u00fan acuerdo 85-74 del Comit\u00e9 Ejecutivo del Consejo del Ministros del 12 de marzo de 2019.<\/p>\n","protected":false},"author":120,"featured_media":44310,"comment_status":"open","ping_status":"open","sticky":false,"template":"","format":"standard","meta":{"_acf_changed":false,"footnotes":""},"categories":[9,8,1],"tags":[133,1632,138],"coauthors":[1921],"class_list":["post-58470","post","type-post","status-publish","format-standard","has-post-thumbnail","hentry","category-en-audio","category-noticia","category-sancti-spiritus","tag-cabaiguan","tag-ordenamiento-urbano","tag-vivienda"],"acf":[],"_links":{"self":[{"href":"https:\/\/www.radiosanctispiritus.cu\/es\/wp-json\/wp\/v2\/posts\/58470","targetHints":{"allow":["GET"]}}],"collection":[{"href":"https:\/\/www.radiosanctispiritus.cu\/es\/wp-json\/wp\/v2\/posts"}],"about":[{"href":"https:\/\/www.radiosanctispiritus.cu\/es\/wp-json\/wp\/v2\/types\/post"}],"author":[{"embeddable":true,"href":"https:\/\/www.radiosanctispiritus.cu\/es\/wp-json\/wp\/v2\/users\/120"}],"replies":[{"embeddable":true,"href":"https:\/\/www.radiosanctispiritus.cu\/es\/wp-json\/wp\/v2\/comments?post=58470"}],"version-history":[{"count":4,"href":"https:\/\/www.radiosanctispiritus.cu\/es\/wp-json\/wp\/v2\/posts\/58470\/revisions"}],"predecessor-version":[{"id":58476,"href":"https:\/\/www.radiosanctispiritus.cu\/es\/wp-json\/wp\/v2\/posts\/58470\/revisions\/58476"}],"wp:featuredmedia":[{"embeddable":true,"href":"https:\/\/www.radiosanctispiritus.cu\/es\/wp-json\/wp\/v2\/media\/44310"}],"wp:attachment":[{"href":"https:\/\/www.radiosanctispiritus.cu\/es\/wp-json\/wp\/v2\/media?parent=58470"}],"wp:term":[{"taxonomy":"category","embeddable":true,"href":"https:\/\/www.radiosanctispiritus.cu\/es\/wp-json\/wp\/v2\/categories?post=58470"},{"taxonomy":"post_tag","embeddable":true,"href":"https:\/\/www.radiosanctispiritus.cu\/es\/wp-json\/wp\/v2\/tags?post=58470"},{"taxonomy":"author","embeddable":true,"href":"https:\/\/www.radiosanctispiritus.cu\/es\/wp-json\/wp\/v2\/coauthors?post=58470"}],"curies":[{"name":"wp","href":"https:\/\/api.w.org\/{rel}","templated":true}]}}