{"id":58456,"date":"2025-11-25T19:57:02","date_gmt":"2025-11-26T00:57:02","guid":{"rendered":"https:\/\/www.radiosanctispiritus.cu\/es\/?p=58456"},"modified":"2025-11-25T14:11:29","modified_gmt":"2025-11-25T19:11:29","slug":"perfeccionamiento-de-la-ensenanza-influye-en-sistema-educativo-de-yaguajay","status":"publish","type":"post","link":"https:\/\/www.radiosanctispiritus.cu\/es\/perfeccionamiento-de-la-ensenanza-influye-en-sistema-educativo-de-yaguajay\/","title":{"rendered":"Perfeccionamiento de la ense\u00f1anza influye en sistema educativo de Yaguajay"},"content":{"rendered":"<p>El tercer perfeccionamiento del Sistema Nacional de Educaci\u00f3n en Cuba ha tenido una influencia positiva en el sector en Yaguajay, aunque resulta necesario una implementaci\u00f3n m\u00e1s sistem\u00e1tica en cada escuela del terru\u00f1o.<\/p>\n<p>La subdirectora del sector en el norte\u00f1o territorio, Maritza, Zurita Carrazana, explica el respecto de este proceso y su aplicaci\u00f3n en el municipio que implica dos aristas: las formas y estilos de trabajo. \u00abTambi\u00e9n tenemos el cambio de programa, es decir, la instrumentaci\u00f3n de nuevos programas de estudio que ya se inici\u00f3 desde hace tres cursos atr\u00e1s y ya complet\u00f3 este curso con los \u00faltimos grados, en los que el \u00fanico impedimento existente es que todav\u00eda no nos han llegado todos los materiales, pero ya los otros s\u00ed\u00bb.<\/p>\n<p>La funcionaria mencion\u00f3 algunos de los aspectos potenciados gracias a este perfeccionamiento dentro del sector: \u00abcreo que hemos dado pasos de avance a partir de la flexibilidad de los horarios, del apoyo que hemos tenido, unos lugares m\u00e1s, otros lugares menos, con las agencias de las comunidades\u00bb.<\/p>\n<p><iframe src=\"https:\/\/www.ivoox.com\/player_ej_163167659_6_1.html?c1=7a0d0b\" width=\"100%\" height=\"200\" frameborder=\"0\" scrolling=\"no\" allowfullscreen=\"allowfullscreen\"><\/iframe><\/p>\n","protected":false},"excerpt":{"rendered":"<p>El tercer perfeccionamiento del Sistema Nacional de Educaci\u00f3n en Cuba ha tenido una influencia positiva en el sector en Yaguajay, aunque resulta necesario una implementaci\u00f3n m\u00e1s sistem\u00e1tica en cada escuela del terru\u00f1o.<\/p>\n","protected":false},"author":146,"featured_media":53499,"comment_status":"open","ping_status":"open","sticky":false,"template":"","format":"standard","meta":{"_acf_changed":false,"footnotes":""},"categories":[8,14,9,1],"tags":[29,806,106],"coauthors":[1922],"class_list":["post-58456","post","type-post","status-publish","format-standard","has-post-thumbnail","hentry","category-noticia","category-educacion","category-en-audio","category-sancti-spiritus","tag-educacion","tag-ensenanza","tag-yaguajay"],"acf":[],"_links":{"self":[{"href":"https:\/\/www.radiosanctispiritus.cu\/es\/wp-json\/wp\/v2\/posts\/58456","targetHints":{"allow":["GET"]}}],"collection":[{"href":"https:\/\/www.radiosanctispiritus.cu\/es\/wp-json\/wp\/v2\/posts"}],"about":[{"href":"https:\/\/www.radiosanctispiritus.cu\/es\/wp-json\/wp\/v2\/types\/post"}],"author":[{"embeddable":true,"href":"https:\/\/www.radiosanctispiritus.cu\/es\/wp-json\/wp\/v2\/users\/146"}],"replies":[{"embeddable":true,"href":"https:\/\/www.radiosanctispiritus.cu\/es\/wp-json\/wp\/v2\/comments?post=58456"}],"version-history":[{"count":3,"href":"https:\/\/www.radiosanctispiritus.cu\/es\/wp-json\/wp\/v2\/posts\/58456\/revisions"}],"predecessor-version":[{"id":58469,"href":"https:\/\/www.radiosanctispiritus.cu\/es\/wp-json\/wp\/v2\/posts\/58456\/revisions\/58469"}],"wp:featuredmedia":[{"embeddable":true,"href":"https:\/\/www.radiosanctispiritus.cu\/es\/wp-json\/wp\/v2\/media\/53499"}],"wp:attachment":[{"href":"https:\/\/www.radiosanctispiritus.cu\/es\/wp-json\/wp\/v2\/media?parent=58456"}],"wp:term":[{"taxonomy":"category","embeddable":true,"href":"https:\/\/www.radiosanctispiritus.cu\/es\/wp-json\/wp\/v2\/categories?post=58456"},{"taxonomy":"post_tag","embeddable":true,"href":"https:\/\/www.radiosanctispiritus.cu\/es\/wp-json\/wp\/v2\/tags?post=58456"},{"taxonomy":"author","embeddable":true,"href":"https:\/\/www.radiosanctispiritus.cu\/es\/wp-json\/wp\/v2\/coauthors?post=58456"}],"curies":[{"name":"wp","href":"https:\/\/api.w.org\/{rel}","templated":true}]}}