{"id":58435,"date":"2025-11-24T23:07:28","date_gmt":"2025-11-25T04:07:28","guid":{"rendered":"https:\/\/www.radiosanctispiritus.cu\/es\/?p=58435"},"modified":"2025-11-24T23:07:28","modified_gmt":"2025-11-25T04:07:28","slug":"recibe-diaz-canel-a-gobernador-de-san-petersburgo","status":"publish","type":"post","link":"https:\/\/www.radiosanctispiritus.cu\/es\/recibe-diaz-canel-a-gobernador-de-san-petersburgo\/","title":{"rendered":"Recibe D\u00edaz-Canel a gobernador de San Petersburgo"},"content":{"rendered":"<p>El presidente de Cuba, Miguel D\u00edaz-Canel, recibi\u00f3 en esta capital al gobernador de San Petersburgo, Alexander Beglov, quien inici\u00f3 una visita de trabajo a la isla, trascendi\u00f3 este lunes.<\/p>\n<p>Seg\u00fan informaron el Ministerio de Relaciones Exteriores cubano y el Noticiero Nacional de Televisi\u00f3n, durante el encuentro fue analizada la situaci\u00f3n del pa\u00eds antillano, golpeado por el \u00abcriminal bloqueo econ\u00f3mico, comercial y financiero\u00bb del Gobierno de Estados Unidos.<\/p>\n<p>Adem\u00e1s, ambas partes destacaron el \u00abexcelente nivel de los nexos pol\u00edticos y diplom\u00e1ticos entre la Federaci\u00f3n de Rusia y Cuba\u00bb.<\/p>\n<p>Beglov, de acuerdo con las referidas fuentes, \u00abreiter\u00f3 su apoyo a la naci\u00f3n caribe\u00f1a y coment\u00f3 sobre los esfuerzos conjuntos por continuar fortaleciendo los v\u00ednculos entre regiones, en particular, los econ\u00f3micos, comerciales y de cooperaci\u00f3n\u00bb.<\/p>\n<p>La visita del Gobernador sucede en el contexto de los \u201cD\u00edas de San Petersburgo en La Habana y Santiago de Cuba\u201d y a prop\u00f3sito, precisamente, del aniversario 50 del establecimiento de la amistad y cooperaci\u00f3n entre ese territorio ruso y la oriental provincia cubana.<\/p>\n<p>Por medio de un mensaje en la red social X, el propio D\u00edaz-Canel se refiri\u00f3 al intercambio: \u00abMuy Contento de reencontrar al amigo Alexander Beglov, gobernador de San Petersburgo\u00bb, manifest\u00f3.<\/p>\n<p>\u00abRevisamos proyectos de cooperaci\u00f3n existentes y las potencialidades para fortalecerla en varios sectores como la salud, la biotecnolog\u00eda, el turismo y los intercambios cient\u00edfico y cultural\u00bb, precis\u00f3 el jefe de Estado.<\/p>\n","protected":false},"excerpt":{"rendered":"<p>El presidente de Cuba, Miguel D\u00edaz-Canel, recibi\u00f3 en esta capital al gobernador de San Petersburgo, Alexander Beglov, quien inici\u00f3 una visita de trabajo a la isla, trascendi\u00f3 este lunes.<\/p>\n","protected":false},"author":22,"featured_media":58436,"comment_status":"open","ping_status":"open","sticky":false,"template":"","format":"standard","meta":{"_acf_changed":false,"footnotes":""},"categories":[8,3,4],"tags":[209,1346],"coauthors":[1882],"class_list":["post-58435","post","type-post","status-publish","format-standard","has-post-thumbnail","hentry","category-noticia","category-cuba","category-internacionales","tag-cuba-rusia","tag-diaz-canel"],"acf":[],"_links":{"self":[{"href":"https:\/\/www.radiosanctispiritus.cu\/es\/wp-json\/wp\/v2\/posts\/58435","targetHints":{"allow":["GET"]}}],"collection":[{"href":"https:\/\/www.radiosanctispiritus.cu\/es\/wp-json\/wp\/v2\/posts"}],"about":[{"href":"https:\/\/www.radiosanctispiritus.cu\/es\/wp-json\/wp\/v2\/types\/post"}],"author":[{"embeddable":true,"href":"https:\/\/www.radiosanctispiritus.cu\/es\/wp-json\/wp\/v2\/users\/22"}],"replies":[{"embeddable":true,"href":"https:\/\/www.radiosanctispiritus.cu\/es\/wp-json\/wp\/v2\/comments?post=58435"}],"version-history":[{"count":1,"href":"https:\/\/www.radiosanctispiritus.cu\/es\/wp-json\/wp\/v2\/posts\/58435\/revisions"}],"predecessor-version":[{"id":58437,"href":"https:\/\/www.radiosanctispiritus.cu\/es\/wp-json\/wp\/v2\/posts\/58435\/revisions\/58437"}],"wp:featuredmedia":[{"embeddable":true,"href":"https:\/\/www.radiosanctispiritus.cu\/es\/wp-json\/wp\/v2\/media\/58436"}],"wp:attachment":[{"href":"https:\/\/www.radiosanctispiritus.cu\/es\/wp-json\/wp\/v2\/media?parent=58435"}],"wp:term":[{"taxonomy":"category","embeddable":true,"href":"https:\/\/www.radiosanctispiritus.cu\/es\/wp-json\/wp\/v2\/categories?post=58435"},{"taxonomy":"post_tag","embeddable":true,"href":"https:\/\/www.radiosanctispiritus.cu\/es\/wp-json\/wp\/v2\/tags?post=58435"},{"taxonomy":"author","embeddable":true,"href":"https:\/\/www.radiosanctispiritus.cu\/es\/wp-json\/wp\/v2\/coauthors?post=58435"}],"curies":[{"name":"wp","href":"https:\/\/api.w.org\/{rel}","templated":true}]}}