{"id":58410,"date":"2025-11-24T20:16:19","date_gmt":"2025-11-25T01:16:19","guid":{"rendered":"https:\/\/www.radiosanctispiritus.cu\/es\/?p=58410"},"modified":"2025-11-25T12:07:05","modified_gmt":"2025-11-25T17:07:05","slug":"distribuyen-productos-de-la-canasta-basica-en-sancti-spiritus","status":"publish","type":"post","link":"https:\/\/www.radiosanctispiritus.cu\/es\/distribuyen-productos-de-la-canasta-basica-en-sancti-spiritus\/","title":{"rendered":"Distribuyen productos de la canasta b\u00e1sica en Sancti Sp\u00edritus"},"content":{"rendered":"<p class=\"h3\">Algunos de los renglones de la canasta b\u00e1sica se distribuyen en la provincia de Sancti Sp\u00edritus en este momento, de acuerdo con la informaci\u00f3n suministrada por fuentes de la Empresa Mayorista de Productos Alimenticios y otros Bienes de Consumo en el territorio.<\/p>\n<p>Eliosbel Mart\u00ednez Hern\u00e1ndez, director de la entidad, precis\u00f3 que el proceso comenz\u00f3 a partir de las existencias en almac\u00e9n de que dispon\u00eda la provincia por los municipios de Fomento, Cabaigu\u00e1n, Yaguajay, Jatibonico, Taguasco y Trinidad a raz\u00f3n de una libra de az\u00facar por consumidor, 40 onzas de ch\u00edcharo y la s\u00e9ptima vuelta de compotas de los ni\u00f1os.<\/p>\n<p>A\u00f1adi\u00f3 que en los municipios de Sancti Sp\u00edritus y La Sierpe la distribuci\u00f3n incluye una libra de az\u00facar por consumidor, 50 onzas de ch\u00edcharo, teniendo en cuenta que se deb\u00eda ese rengl\u00f3n correspondiente al mes de octubre, y y la s\u00e9ptima vuelta de compotas de los ni\u00f1os.<\/p>\n<p>Las pastas de donaci\u00f3n se distribuyeron en los municipios de Jatibonico y Taguasco en este mes, y se encuentra en proceso en Fomento y Cabaigu\u00e1n, para sumarse a un prop\u00f3sito que ya se cumpli\u00f3 en Sancti Sp\u00edritus, Trinidad y La Sierpe, mientras que se mantiene pendiente Yaguajay del arribo de ese donativo.<\/p>\n","protected":false},"excerpt":{"rendered":"<p>Algunos de los renglones de la canasta b\u00e1sica se distribuyen en la provincia de Sancti Sp\u00edritus en este momento, de acuerdo con la informaci\u00f3n suministrada por fuentes de la Empresa Mayorista de Productos Alimenticios y otros Bienes de Consumo en el territorio.<\/p>\n","protected":false},"author":166,"featured_media":43870,"comment_status":"open","ping_status":"open","sticky":false,"template":"","format":"standard","meta":{"_acf_changed":false,"footnotes":""},"categories":[16,8,1],"tags":[273,189],"coauthors":[1901],"class_list":["post-58410","post","type-post","status-publish","format-standard","has-post-thumbnail","hentry","category-economia","category-noticia","category-sancti-spiritus","tag-canasta-basica","tag-comercio-interior"],"acf":[],"_links":{"self":[{"href":"https:\/\/www.radiosanctispiritus.cu\/es\/wp-json\/wp\/v2\/posts\/58410","targetHints":{"allow":["GET"]}}],"collection":[{"href":"https:\/\/www.radiosanctispiritus.cu\/es\/wp-json\/wp\/v2\/posts"}],"about":[{"href":"https:\/\/www.radiosanctispiritus.cu\/es\/wp-json\/wp\/v2\/types\/post"}],"author":[{"embeddable":true,"href":"https:\/\/www.radiosanctispiritus.cu\/es\/wp-json\/wp\/v2\/users\/166"}],"replies":[{"embeddable":true,"href":"https:\/\/www.radiosanctispiritus.cu\/es\/wp-json\/wp\/v2\/comments?post=58410"}],"version-history":[{"count":5,"href":"https:\/\/www.radiosanctispiritus.cu\/es\/wp-json\/wp\/v2\/posts\/58410\/revisions"}],"predecessor-version":[{"id":58449,"href":"https:\/\/www.radiosanctispiritus.cu\/es\/wp-json\/wp\/v2\/posts\/58410\/revisions\/58449"}],"wp:featuredmedia":[{"embeddable":true,"href":"https:\/\/www.radiosanctispiritus.cu\/es\/wp-json\/wp\/v2\/media\/43870"}],"wp:attachment":[{"href":"https:\/\/www.radiosanctispiritus.cu\/es\/wp-json\/wp\/v2\/media?parent=58410"}],"wp:term":[{"taxonomy":"category","embeddable":true,"href":"https:\/\/www.radiosanctispiritus.cu\/es\/wp-json\/wp\/v2\/categories?post=58410"},{"taxonomy":"post_tag","embeddable":true,"href":"https:\/\/www.radiosanctispiritus.cu\/es\/wp-json\/wp\/v2\/tags?post=58410"},{"taxonomy":"author","embeddable":true,"href":"https:\/\/www.radiosanctispiritus.cu\/es\/wp-json\/wp\/v2\/coauthors?post=58410"}],"curies":[{"name":"wp","href":"https:\/\/api.w.org\/{rel}","templated":true}]}}