{"id":58389,"date":"2025-11-24T20:25:08","date_gmt":"2025-11-25T01:25:08","guid":{"rendered":"https:\/\/www.radiosanctispiritus.cu\/es\/?p=58389"},"modified":"2025-11-24T20:27:42","modified_gmt":"2025-11-25T01:27:42","slug":"inmersos-los-fomentenses-en-analisis-del-programa-de-gobierno","status":"publish","type":"post","link":"https:\/\/www.radiosanctispiritus.cu\/es\/inmersos-los-fomentenses-en-analisis-del-programa-de-gobierno\/","title":{"rendered":"Inmersos los fomentenses en an\u00e1lisis del Programa de Gobierno"},"content":{"rendered":"<p>Como en todo el pa\u00eds, los fomentenses se encuentran inmersos en el Programa de Gobierno para corregir distorsiones y reimpulsar la econom\u00eda, con un imperativo para avanzar en la productividad, orden y eficacia.<\/p>\n<p>Sobre el tema, obtuvimos declaraciones de Nelson Batista, miembro del Bur\u00f3 del Partido en el municipio de Fomento.<\/p>\n<p>\u00abEl programa, a ra\u00edz de las indicaciones que se dieron por el organismo superior para realizar el proceso en todo el municipio, eso comprende desde los n\u00facleos del partido, todos los consejos de direcci\u00f3n de las entidades, organismos y organizaciones de masas del municipio, en la Uni\u00f3n de J\u00f3venes Comunistas y en todas las secciones sindicales, se ha venido preparando el municipio, como hab\u00eda dicho, se tomaron todas las medidas previstas para realizar con \u00e9xito el proceso.<\/p>\n<p>Y bueno, en estos momentos nos encontramos en la fase ya de funcionamiento del proceso, de ejecuci\u00f3n del proceso en todas las entidades del municipio\u00bb.<\/p>\n<p>Acot\u00f3 sobre la claridad del proceso del cronograma.<\/p>\n<p>\u00abSe est\u00e1 cumpliendo con el cronograma como estaba previsto, con todas las reuniones y con todos los intercambios realizados, a ra\u00edz de la consulta del documento del programa de gobierno, donde todas las personas que est\u00e1n intercambiando, que se est\u00e1n intercambiando con el documento en el proceso en cada uno de los espacios, tienen la posibilidad de hacerle propuestas para, bueno, enriquecerlo, como se hab\u00eda dicho, para despu\u00e9s llevarlo a aprobaci\u00f3n a otros niveles de direcci\u00f3n\u00bb.<\/p>\n<p><iframe src=\"https:\/\/www.ivoox.com\/player_ej_163086851_6_1.html?c1=7a0d0b\" width=\"100%\" height=\"200\" frameborder=\"0\" scrolling=\"no\" allowfullscreen=\"allowfullscreen\"><\/iframe><\/p>\n","protected":false},"excerpt":{"rendered":"<p>Como en todo el pa\u00eds, los fomentenses se encuentran inmersos en el programa de gobierno para corregir distorsiones y reimpulsar la econom\u00eda, con un imperativo para avanzar en la productividad, orden y eficacia.<\/p>\n","protected":false},"author":4,"featured_media":57596,"comment_status":"open","ping_status":"open","sticky":false,"template":"","format":"standard","meta":{"_acf_changed":false,"footnotes":""},"categories":[8,16,9,1],"tags":[630,75,2103],"coauthors":[1883],"class_list":["post-58389","post","type-post","status-publish","format-standard","has-post-thumbnail","hentry","category-noticia","category-economia","category-en-audio","category-sancti-spiritus","tag-fomento","tag-pcc","tag-programa-de-gobierno"],"acf":[],"_links":{"self":[{"href":"https:\/\/www.radiosanctispiritus.cu\/es\/wp-json\/wp\/v2\/posts\/58389","targetHints":{"allow":["GET"]}}],"collection":[{"href":"https:\/\/www.radiosanctispiritus.cu\/es\/wp-json\/wp\/v2\/posts"}],"about":[{"href":"https:\/\/www.radiosanctispiritus.cu\/es\/wp-json\/wp\/v2\/types\/post"}],"author":[{"embeddable":true,"href":"https:\/\/www.radiosanctispiritus.cu\/es\/wp-json\/wp\/v2\/users\/4"}],"replies":[{"embeddable":true,"href":"https:\/\/www.radiosanctispiritus.cu\/es\/wp-json\/wp\/v2\/comments?post=58389"}],"version-history":[{"count":5,"href":"https:\/\/www.radiosanctispiritus.cu\/es\/wp-json\/wp\/v2\/posts\/58389\/revisions"}],"predecessor-version":[{"id":58395,"href":"https:\/\/www.radiosanctispiritus.cu\/es\/wp-json\/wp\/v2\/posts\/58389\/revisions\/58395"}],"wp:featuredmedia":[{"embeddable":true,"href":"https:\/\/www.radiosanctispiritus.cu\/es\/wp-json\/wp\/v2\/media\/57596"}],"wp:attachment":[{"href":"https:\/\/www.radiosanctispiritus.cu\/es\/wp-json\/wp\/v2\/media?parent=58389"}],"wp:term":[{"taxonomy":"category","embeddable":true,"href":"https:\/\/www.radiosanctispiritus.cu\/es\/wp-json\/wp\/v2\/categories?post=58389"},{"taxonomy":"post_tag","embeddable":true,"href":"https:\/\/www.radiosanctispiritus.cu\/es\/wp-json\/wp\/v2\/tags?post=58389"},{"taxonomy":"author","embeddable":true,"href":"https:\/\/www.radiosanctispiritus.cu\/es\/wp-json\/wp\/v2\/coauthors?post=58389"}],"curies":[{"name":"wp","href":"https:\/\/api.w.org\/{rel}","templated":true}]}}