{"id":58380,"date":"2025-11-24T14:37:50","date_gmt":"2025-11-24T19:37:50","guid":{"rendered":"https:\/\/www.radiosanctispiritus.cu\/es\/?p=58380"},"modified":"2025-11-24T14:39:07","modified_gmt":"2025-11-24T19:39:07","slug":"diaz-canel-inaugura-fihav-2025-como-plataforma-estrategica-para-la-economia-cubana","status":"publish","type":"post","link":"https:\/\/www.radiosanctispiritus.cu\/es\/diaz-canel-inaugura-fihav-2025-como-plataforma-estrategica-para-la-economia-cubana\/","title":{"rendered":"D\u00edaz-Canel inaugura FIHAV 2025 como plataforma estrat\u00e9gica para la econom\u00eda cubana"},"content":{"rendered":"<p>El primer secretario del Partido Comunista de Cuba y presidente de la Rep\u00fablica, Miguel D\u00edaz-Canel Berm\u00fadez, encabez\u00f3 la apertura de la 41\u00aa Feria Internacional de La Habana (FIHAV 2025), un evento clave para promover el desarrollo econ\u00f3mico nacional frente a desaf\u00edos globales y locales. La cita, que se extiende hasta el 29 de noviembre en el recinto ExpoCuba, re\u00fane a empresarios y delegaciones de m\u00faltiples naciones en un contexto internacional complejo, marcado por las tensiones comerciales y financieras.<\/p>\n<p>Participaron igualmente en la apertura del evento el miembro del Bur\u00f3 Pol\u00edtico del Partido y primer ministro, Manuel Marrero Cruz; la miembro del Secretariado y jefa del Departamento de Atenci\u00f3n a los Servicios, Yud\u00ed Mercedes Rodr\u00edguez, ministros y viceministros, representantes del cuerpo diplom\u00e1tico acreditado en Cuba e invitados.<\/p>\n<p>\u201cNos volvemos a encontrar en este espacio que desde hace d\u00e9cadas es mucho m\u00e1s que un evento comercial: <strong>es, sobre todo la expresi\u00f3n de un pa\u00eds que resiste, que crea, que se empe\u00f1a en avanzar, incluso cuando las circunstancias parecen desafiar su impulso<\/strong>\u201d, asegur\u00f3 en la ceremonia inaugural el viceprimer ministro y ministro de Comercio Exterior y la Inversi\u00f3n Extranjera, Oscar P\u00e9rez-Oliva Fraga.<\/p>\n<p>El titular del ramo reconoci\u00f3 que \u201ceste a\u00f1o llegamos a FIHAV tras semanas dif\u00edciles para nuestra naci\u00f3n. El hurac\u00e1n Melissa golpe\u00f3 con fuerza la regi\u00f3n oriental y dej\u00f3 una huella dolorosa\u201d. Sin embargo, destac\u00f3 que \u201ctambi\u00e9n dej\u00f3 algo m\u00e1s: la evidencia de nuestra capacidad para proteger la vida, para levantarnos, para organizarnos y para actuar en unidad, con el apoyo solidario de muchos amigos dentro y fuera de Cuba\u201d.<\/p>\n<p>Frente a quienes sugirieron posponer el evento, P\u00e9rez-Oliva fue categ\u00f3rico: \u201cHubo quienes pensaron que, ante esta situaci\u00f3n, la Feria podia esperar. Sin embargo, celebrar FIHAV es una declaraci\u00f3n de voluntad: <strong>Cuba trabaja, Cuba se reconstruye, y Cuba se abre al futuro con la convicci\u00f3n de que \u2018s\u00ed se puede\u2019.<\/strong> Este evento es, precisamente, una expresi\u00f3n concreta de esa convicci\u00f3n\u201d.<\/p>\n<p>Frente a la guerra econ\u00f3mica que se nos impone por el criminal bloqueo estadounidense recrudecido y a restricciones injustas que buscan impedir nuestro progreso, dijo, la respuesta no ha sido paralizarnos, sino actuar.<\/p>\n<p>\u201cActuar por nuestro pueblo, que merece m\u00e1s prosperidad, m\u00e1s bienestar y m\u00e1s oportunidades. Actuar porque cada paso en la econom\u00eda \u2013cada inversi\u00f3n, cada exportaci\u00f3n, cada proyecto que nace\u2013 sea un escal\u00f3n hacia un futuro mejor\u201d.<\/p>\n<blockquote><p>\u201cPor eso esta Feria es necesaria. Porque ante los desaf\u00edos que enfrentamos, la econom\u00eda est\u00e1 en el centro de las prioridades\u201d, afirm\u00f3.<\/p><\/blockquote>\n<p>En sus agradecimientos, P\u00e9rez-Oliva reconoci\u00f3 \u201ca todos los que han hecho posible esta edici\u00f3n. A los expositores, a los organizadores, a las instituciones cubanas y extranjeras involucradas\u201d, con menci\u00f3n especial al recinto Expocuba que \u201choy nos recibe renovado, tras los da\u00f1os ocasionados por el hurac\u00e1n Rafael en 2024. Su recuperaci\u00f3n ha sido un ejemplo de esfuerzo colectivo y de compromiso con este evento y con el pueblo\u201d.<\/p>\n<p>El ministro dio la bienvenida a las delegaciones oficiales de \u201cVenezuela, Rusia, M\u00e9xico, Ir\u00e1n, Angola, Sud\u00e1frica, Arabia Saudita, Rep\u00fablica del Congo, Panam\u00e1, Zimbabue y Rep\u00fablica Checa\u201d, as\u00ed como al \u201csecretario ejecutivo del ALBA-TCP, el secretario general de la ALADI y del ministro de macroeconom\u00eda e integraci\u00f3n de la Uni\u00f3n Econ\u00f3mica Euroasi\u00e1tica\u201d.<\/p>\n<p>Tambi\u00e9n destac\u00f3 la presencia de \u201casociaciones empresariales, c\u00e1maras de comercio y entidades de promoci\u00f3n del comercio y la inversi\u00f3n\u201d, y reconoci\u00f3 especialmente a <strong>\u201cnumerosos empresarios cubanos residentes en el exterior, comprometidos a contribuir al desarrollo econ\u00f3mico y social de su pa\u00eds\u201d.<\/strong><\/p>\n<p>P\u00e9rez-Oliva subray\u00f3 que \u201cFIHAV es m\u00e1s que un punto de encuentro comercial. Es un espacio donde se comparten visiones, donde se generan alianzas, donde se identifican oportunidades y donde se movilizan voluntades por el desarrollo de Cuba y la obtenci\u00f3n de beneficios compartidos\u201c.<\/p>\n<p>La edici\u00f3n 2025 tiene dedicaciones especiales:<\/p>\n<blockquote><p>\u201cDedicamos especialmente esta edici\u00f3n al Centenario del Comandante en Jefe, Fidel Castro Ruz, precursor de la Feria Internacional de La Habana, cuyo legado estar\u00e1 siempre presente en este evento\u201d, y celebra \u201cel 65 aniversario del MINCEX que se cumplir\u00e1 el pr\u00f3ximo 23 de febrero, ocasi\u00f3n propicia para reconocer la entrega incansable de uno de sus principales art\u00edfices, el compa\u00f1ero Ricardo Cabrisas Ruiz. Sea este evento un homenaje a su ejemplar trayectoria\u201d.<\/p><\/blockquote>\n<p>Asimismo, <strong>el vice primer ministro anunci\u00f3 que \u201cel 25 de noviembre, los invitamos a la inauguraci\u00f3n del VIII Foro de Inversiones, ocasi\u00f3n en la que informaremos decisiones del Gobierno dirigidas a fomentar el desarrollo de negocios en Cuba\u201d.<\/strong><\/p>\n<blockquote><p>\u201cLes invito a estar atentos a la intervenci\u00f3n de apertura, en la que abordaremos, entre otros temas, la implementaci\u00f3n de facilidades para dinamizar la inversi\u00f3n extranjera; agilizar los procesos de evaluaci\u00f3n y aprobaci\u00f3n de negocios; y nuevas oportunidades en diversos sectores tanto para el capital for\u00e1neo, como para la creaci\u00f3n de alianzas entre entidades nacionales\u201d, dijo.<\/p><\/blockquote>\n<p>Recomend\u00f3 visitar \u201cel Pabell\u00f3n de los Territorios, donde podr\u00e1n apreciar el papel creciente del desarrollo local y las potencialidades identificadas a partir de sus capacidades end\u00f3genas\u201d, destacando que \u201clas provincias afectadas por el hurac\u00e1n Melissa mostrar\u00e1n propuestas que pueden contribuir a la recuperaci\u00f3n de los da\u00f1os ocasionados\u201d.<\/p>\n<p>P\u00e9rez-Oliva afirm\u00f3 que \u201cFIHAV es una oportunidad. Aprovech\u00e9mosla. <strong>Cuba vive un proceso de transformaciones, respaldado por pilares s\u00f3lidos, que se orienta hacia un modelo de desarrollo m\u00e1s diverso, inclusivo y sostenible<\/strong>\u201d, y expres\u00f3 que \u201cqueremos relaciones de beneficio mutuo. Y queremos aliados que, como nosotros, crean en la capacidad de construir un futuro mejor\u201d.<\/p>\n<p>Con la premisa de impulsar oportunidades de negocio, la feria destaca la participaci\u00f3n de m\u00e1s de 47 pa\u00edses y la Uni\u00f3n Europea, con un 25% de expositores extranjeros nuevos y un 75% de asistentes recurrentes. Entre las delegaciones confirmadas figuran representantes de Venezuela, M\u00e9xico, Rusia, Vietnam, Espa\u00f1a y Turqu\u00eda, as\u00ed como agencias de promoci\u00f3n comercial e inversiones de 15 naciones. La presencia de c\u00e1maras de comercio de Rusia y otros pa\u00edses evidencia el inter\u00e9s creciente en fortalecer v\u00ednculos econ\u00f3micos con la mayor de las Antillas.<\/p>\n<p>La edici\u00f3n actual introduce cinco ejes tem\u00e1ticos innovadores: \u201cHecho en Cuba\u201d, dedicado a productos exportables de todos los territorios; transici\u00f3n energ\u00e9tica, con proyectos de fuentes renovables; \u201cIA Cuba\u201d, sobre aplicaciones de inteligencia artificial; integraci\u00f3n econ\u00f3mica mediante foros con mecanismos regionales como ALBA-TCP y BRICS; y \u201cCuba \u00danica\u201d, para promover el sector tur\u00edstico.<\/p>\n<p>Adicionalmente, se celebrar\u00e1 el VIII Foro de Inversiones y el F\u00f3rum Bancario del Caribe, enfocados en oportunidades sostenibles y cooperaci\u00f3n financiera regional.<\/p>\n<p>En el \u00e1mbito nacional, la feria integra a 240 empresas cubanas, incluyendo 181 estatales y 61 mipymes privadas, con \u00e9nfasis en sectores prioritarios como alimentaci\u00f3n, salud y biofarmac\u00e9utica.<\/p>\n<p>El objetivo central es fomentar encadenamientos productivos que sustituyan importaciones y potencien exportaciones, aprovechando las capacidades locales. Paralelamente, se exhibir\u00e1n proyectos territoriales y mejoras en infraestructura, con 17.500 m\u00b2 de exposici\u00f3n y 52 contenedores de muestras.<\/p>\n<p>FIHAV 2025 se consolida as\u00ed como un espacio esencial para atraer capital for\u00e1neo, diversificar alianzas y estimular la producci\u00f3n nacional, reflejando la voluntad de Cuba de insertarse en los flujos comerciales globales a pesar de las actuales adversidades.<\/p>\n","protected":false},"excerpt":{"rendered":"<p>El primer secretario del Partido Comunista de Cuba y presidente de la Rep\u00fablica, Miguel D\u00edaz-Canel Berm\u00fadez, encabez\u00f3 la apertura de la 41\u00aa Feria Internacional de La Habana (FIHAV 2025), un evento clave para promover el desarrollo econ\u00f3mico nacional frente a desaf\u00edos globales y locales.<\/p>\n","protected":false},"author":26,"featured_media":58381,"comment_status":"open","ping_status":"open","sticky":false,"template":"","format":"standard","meta":{"_acf_changed":false,"footnotes":""},"categories":[8,3],"tags":[],"coauthors":[1887],"class_list":["post-58380","post","type-post","status-publish","format-standard","has-post-thumbnail","hentry","category-noticia","category-cuba"],"acf":[],"_links":{"self":[{"href":"https:\/\/www.radiosanctispiritus.cu\/es\/wp-json\/wp\/v2\/posts\/58380","targetHints":{"allow":["GET"]}}],"collection":[{"href":"https:\/\/www.radiosanctispiritus.cu\/es\/wp-json\/wp\/v2\/posts"}],"about":[{"href":"https:\/\/www.radiosanctispiritus.cu\/es\/wp-json\/wp\/v2\/types\/post"}],"author":[{"embeddable":true,"href":"https:\/\/www.radiosanctispiritus.cu\/es\/wp-json\/wp\/v2\/users\/26"}],"replies":[{"embeddable":true,"href":"https:\/\/www.radiosanctispiritus.cu\/es\/wp-json\/wp\/v2\/comments?post=58380"}],"version-history":[{"count":2,"href":"https:\/\/www.radiosanctispiritus.cu\/es\/wp-json\/wp\/v2\/posts\/58380\/revisions"}],"predecessor-version":[{"id":58384,"href":"https:\/\/www.radiosanctispiritus.cu\/es\/wp-json\/wp\/v2\/posts\/58380\/revisions\/58384"}],"wp:featuredmedia":[{"embeddable":true,"href":"https:\/\/www.radiosanctispiritus.cu\/es\/wp-json\/wp\/v2\/media\/58381"}],"wp:attachment":[{"href":"https:\/\/www.radiosanctispiritus.cu\/es\/wp-json\/wp\/v2\/media?parent=58380"}],"wp:term":[{"taxonomy":"category","embeddable":true,"href":"https:\/\/www.radiosanctispiritus.cu\/es\/wp-json\/wp\/v2\/categories?post=58380"},{"taxonomy":"post_tag","embeddable":true,"href":"https:\/\/www.radiosanctispiritus.cu\/es\/wp-json\/wp\/v2\/tags?post=58380"},{"taxonomy":"author","embeddable":true,"href":"https:\/\/www.radiosanctispiritus.cu\/es\/wp-json\/wp\/v2\/coauthors?post=58380"}],"curies":[{"name":"wp","href":"https:\/\/api.w.org\/{rel}","templated":true}]}}