{"id":58356,"date":"2025-11-24T07:00:11","date_gmt":"2025-11-24T12:00:11","guid":{"rendered":"https:\/\/www.radiosanctispiritus.cu\/es\/?p=58356"},"modified":"2025-11-24T07:32:06","modified_gmt":"2025-11-24T12:32:06","slug":"brigada-espirituana-de-salud-mental-apoya-tareas-recuperativas-en-granma","status":"publish","type":"post","link":"https:\/\/www.radiosanctispiritus.cu\/es\/brigada-espirituana-de-salud-mental-apoya-tareas-recuperativas-en-granma\/","title":{"rendered":"Brigada espirituana de salud mental apoya tareas recuperativas en Granma"},"content":{"rendered":"<p>Han llegado hasta comunidades de Cauto Cristo, provincia de Granma, donde por momentos se pens\u00f3 que no habr\u00eda m\u00e1s vida despu\u00e9s del paso del hurac\u00e1n Melissa. Han aplicado t\u00e9cnicas de relajaci\u00f3n y escuchado por horas testimonios de personas en diferentes centros de protecci\u00f3n de ese oriental territorio. En t\u00e9rminos cient\u00edficos, cada intercambio deviene intervenci\u00f3n psicol\u00f3gica.<\/p>\n<p>El lenguaje llano y sencillo es darle voz a la esperanza, seg\u00fan el licenciado en psicolog\u00eda Eliecer S\u00e1nchez Calzadilla, especialista del Hospital Psiqui\u00e1trico Docente Provincial de Cabaigu\u00e1n, quien desde el 3 de noviembre integra, junto a otras dos colegas espirituanas, la Brigada Nacional de Salud Mental, que brinda apoyo psicosocial a los afectados por el fen\u00f3meno meteorol\u00f3gico.<\/p>\n<p><iframe src=\"https:\/\/www.ivoox.com\/player_ej_163090786_6_1.html?c1=7a0d0b\" width=\"100%\" height=\"200\" frameborder=\"0\" allowfullscreen=\"\" scrolling=\"no\" loading=\"lazy\"><\/iframe><\/p>\n","protected":false},"excerpt":{"rendered":"<p>Han llegado hasta comunidades de Cauto Cristo, provincia de Granma, donde por momentos se pens\u00f3 que no habr\u00eda m\u00e1s vida despu\u00e9s del paso del hurac\u00e1n Melissa<\/p>\n","protected":false},"author":4,"featured_media":57097,"comment_status":"open","ping_status":"open","sticky":false,"template":"","format":"standard","meta":{"_acf_changed":false,"footnotes":""},"categories":[8,3,9,1],"tags":[142,63,2089,2125],"coauthors":[1883],"class_list":["post-58356","post","type-post","status-publish","format-standard","has-post-thumbnail","hentry","category-noticia","category-cuba","category-en-audio","category-sancti-spiritus","tag-apoyo-solidario","tag-colaboracion-medica","tag-melissa","tag-salud-mental"],"acf":[],"_links":{"self":[{"href":"https:\/\/www.radiosanctispiritus.cu\/es\/wp-json\/wp\/v2\/posts\/58356","targetHints":{"allow":["GET"]}}],"collection":[{"href":"https:\/\/www.radiosanctispiritus.cu\/es\/wp-json\/wp\/v2\/posts"}],"about":[{"href":"https:\/\/www.radiosanctispiritus.cu\/es\/wp-json\/wp\/v2\/types\/post"}],"author":[{"embeddable":true,"href":"https:\/\/www.radiosanctispiritus.cu\/es\/wp-json\/wp\/v2\/users\/4"}],"replies":[{"embeddable":true,"href":"https:\/\/www.radiosanctispiritus.cu\/es\/wp-json\/wp\/v2\/comments?post=58356"}],"version-history":[{"count":2,"href":"https:\/\/www.radiosanctispiritus.cu\/es\/wp-json\/wp\/v2\/posts\/58356\/revisions"}],"predecessor-version":[{"id":58358,"href":"https:\/\/www.radiosanctispiritus.cu\/es\/wp-json\/wp\/v2\/posts\/58356\/revisions\/58358"}],"wp:featuredmedia":[{"embeddable":true,"href":"https:\/\/www.radiosanctispiritus.cu\/es\/wp-json\/wp\/v2\/media\/57097"}],"wp:attachment":[{"href":"https:\/\/www.radiosanctispiritus.cu\/es\/wp-json\/wp\/v2\/media?parent=58356"}],"wp:term":[{"taxonomy":"category","embeddable":true,"href":"https:\/\/www.radiosanctispiritus.cu\/es\/wp-json\/wp\/v2\/categories?post=58356"},{"taxonomy":"post_tag","embeddable":true,"href":"https:\/\/www.radiosanctispiritus.cu\/es\/wp-json\/wp\/v2\/tags?post=58356"},{"taxonomy":"author","embeddable":true,"href":"https:\/\/www.radiosanctispiritus.cu\/es\/wp-json\/wp\/v2\/coauthors?post=58356"}],"curies":[{"name":"wp","href":"https:\/\/api.w.org\/{rel}","templated":true}]}}