{"id":58298,"date":"2025-11-23T04:59:49","date_gmt":"2025-11-23T09:59:49","guid":{"rendered":"https:\/\/www.radiosanctispiritus.cu\/es\/?p=58298"},"modified":"2025-11-23T00:50:15","modified_gmt":"2025-11-23T05:50:15","slug":"combatientes-espirituanos-organizan-homenaje-por-aniversario-de-desaparicion-fisica-de-fidel-castro","status":"publish","type":"post","link":"https:\/\/www.radiosanctispiritus.cu\/es\/combatientes-espirituanos-organizan-homenaje-por-aniversario-de-desaparicion-fisica-de-fidel-castro\/","title":{"rendered":"Combatientes espirituanos organizan homenaje por aniversario de desaparici\u00f3n f\u00edsica de Fidel Castro"},"content":{"rendered":"<p>Los combatientes de la provincia de Sancti Sp\u00edritus tienen ante s\u00ed un plan integral para rendir homenaje a Fidel Castro en el marco del noveno aniversario de su fallecimiento y el centenario de su natalicio.<\/p>\n<p>Desde agosto, se integran en las actividades fundamentales que promueven el legado del Comandante en Jefe, con eventos en cada municipio del territorio.<\/p>\n<p>Este programa se extiende a lo largo de 2025 y 2026, abarcando actos conmemorativos, galas culturales y reuniones pol\u00edticas.<\/p>\n<p>Una acci\u00f3n central es la reedici\u00f3n simb\u00f3lica en 2026 del recorrido que llev\u00f3 las cenizas de Fidel desde La Habana hasta el cementerio de Santa Ifigenia, con la participaci\u00f3n de j\u00f3venes y combatientes.<\/p>\n<p>Sancti Sp\u00edritus tendr\u00e1 un papel destacado en esta caravana, desarrollando actividades desde Cabaigu\u00e1n hasta la frontera con Ciego de \u00c1vila.<\/p>\n<p>En la provincia se organizar\u00e1n homenajes en lugares visitados por Fidel, como el hospital provincial y la Universidad de Ciencias M\u00e9dicas, as\u00ed como en sitios hist\u00f3ricos.<\/p>\n<p>Adem\u00e1s, se rememoran fechas clave de la vida del l\u00edder, como el aniversario de su ingreso a la universidad y sus palabras hist\u00f3ricas enla Biblioteca Provincial, \u201cRub\u00e9n Mart\u00ednez Villena\u00bb, de Sancti-Sp\u00edritus.<\/p>\n<p>Todas estas acciones tienen el prop\u00f3sito de mantener viva la memoria y fortalecer el compromiso con el legado de Fidel entre las nuevas generaciones, resaltando su ejemplo y pensamiento como gu\u00eda para el pa\u00eds.<\/p>\n<p><iframe src=\"https:\/\/www.ivoox.com\/player_ej_163090127_6_1.html?c1=7a0d0b\" width=\"100%\" height=\"200\" frameborder=\"0\" scrolling=\"no\" allowfullscreen=\"allowfullscreen\"><\/iframe><\/p>\n","protected":false},"excerpt":{"rendered":"<p>Los combatientes de la provincia de Sancti Sp\u00edritus tienen ante s\u00ed un plan integral para rendir homenaje a Fidel Castro en el marco del noveno aniversario de su fallecimiento y el centenario de su natalicio.\u00a0<\/p>\n","protected":false},"author":18,"featured_media":57878,"comment_status":"open","ping_status":"open","sticky":false,"template":"","format":"standard","meta":{"_acf_changed":false,"footnotes":""},"categories":[8,9,1],"tags":[1312,328,183],"coauthors":[1874],"class_list":["post-58298","post","type-post","status-publish","format-standard","has-post-thumbnail","hentry","category-noticia","category-en-audio","category-sancti-spiritus","tag-asociacion-de-combatientes-de-la-revolucion-cubana","tag-combatientes","tag-fidel-castro"],"acf":[],"_links":{"self":[{"href":"https:\/\/www.radiosanctispiritus.cu\/es\/wp-json\/wp\/v2\/posts\/58298","targetHints":{"allow":["GET"]}}],"collection":[{"href":"https:\/\/www.radiosanctispiritus.cu\/es\/wp-json\/wp\/v2\/posts"}],"about":[{"href":"https:\/\/www.radiosanctispiritus.cu\/es\/wp-json\/wp\/v2\/types\/post"}],"author":[{"embeddable":true,"href":"https:\/\/www.radiosanctispiritus.cu\/es\/wp-json\/wp\/v2\/users\/18"}],"replies":[{"embeddable":true,"href":"https:\/\/www.radiosanctispiritus.cu\/es\/wp-json\/wp\/v2\/comments?post=58298"}],"version-history":[{"count":3,"href":"https:\/\/www.radiosanctispiritus.cu\/es\/wp-json\/wp\/v2\/posts\/58298\/revisions"}],"predecessor-version":[{"id":58309,"href":"https:\/\/www.radiosanctispiritus.cu\/es\/wp-json\/wp\/v2\/posts\/58298\/revisions\/58309"}],"wp:featuredmedia":[{"embeddable":true,"href":"https:\/\/www.radiosanctispiritus.cu\/es\/wp-json\/wp\/v2\/media\/57878"}],"wp:attachment":[{"href":"https:\/\/www.radiosanctispiritus.cu\/es\/wp-json\/wp\/v2\/media?parent=58298"}],"wp:term":[{"taxonomy":"category","embeddable":true,"href":"https:\/\/www.radiosanctispiritus.cu\/es\/wp-json\/wp\/v2\/categories?post=58298"},{"taxonomy":"post_tag","embeddable":true,"href":"https:\/\/www.radiosanctispiritus.cu\/es\/wp-json\/wp\/v2\/tags?post=58298"},{"taxonomy":"author","embeddable":true,"href":"https:\/\/www.radiosanctispiritus.cu\/es\/wp-json\/wp\/v2\/coauthors?post=58298"}],"curies":[{"name":"wp","href":"https:\/\/api.w.org\/{rel}","templated":true}]}}