{"id":58264,"date":"2025-11-21T22:34:44","date_gmt":"2025-11-22T03:34:44","guid":{"rendered":"https:\/\/www.radiosanctispiritus.cu\/es\/?p=58264"},"modified":"2025-11-21T22:34:44","modified_gmt":"2025-11-22T03:34:44","slug":"onu-politica-de-eeuu-contra-cuba-lacera-derechos-humanos-de-la-poblacion","status":"publish","type":"post","link":"https:\/\/www.radiosanctispiritus.cu\/es\/onu-politica-de-eeuu-contra-cuba-lacera-derechos-humanos-de-la-poblacion\/","title":{"rendered":"ONU: Pol\u00edtica de EEUU contra Cuba lacera derechos humanos de la poblaci\u00f3n"},"content":{"rendered":"<p>La relatora especial del Consejo de Derechos Humanos de Naciones Unidas, Alena Douhan, afirm\u00f3 este viernes en La Habana que las medidas unilaterales de Estados Unidos contra Cuba carecen de legitimidad y afectan los derechos humanos de la poblaci\u00f3n.<\/p>\n<p>Al presentar las conclusiones preliminares de sus indagaciones en la isla a la prensa nacional y extranjera, la funcionaria se\u00f1al\u00f3 que tales acciones coercitivas inciden en todas las esferas de la vida nacional y prejudican directamente a sus habitantes, especialmente a los grupos m\u00e1s vulnerables.<\/p>\n<p>Apunt\u00f3 que \u00e9stas son especialmente da\u00f1inas en medio de los problemas que atraviesa la naci\u00f3n caribe\u00f1a debido a la crisis internacional, el azote de eventos clim\u00e1ticos y las dificultades econ\u00f3micas internas.<\/p>\n<p>Resalt\u00f3 que los efectos nocivos de \u00e9stas se profundizan por la inclusi\u00f3n, pol\u00edticamente motivada, de la isla en el listado del Departamento de Estados de pa\u00edses que supuestamente patrocinan el terrorismo.<\/p>\n<p>Record\u00f3 Douhan que desde 1962 Cuba sufre el cerco estadounidense, y este a\u00f1o esa potencia prorrog\u00f3 la presencia del pa\u00eds en la mencionada lista, lo cual provoca graves afectaciones econ\u00f3micas y obstaculiza significativamente los esfuerzos de la naci\u00f3n antillana para garantizar servicios b\u00e1sicos y desarrollar pol\u00edticas sociales.<\/p>\n<p>En sus visitas y los intercambios sostenidos desde el pasado 11 de noviembre con diversos sectores de la vida econ\u00f3mica, pol\u00edtica y social del pa\u00eds, organismos, instituciones y proyectos, Douhan constat\u00f3 de primera mano el impacto real del bloqueo sobre los derechos humanos de los cubanos.<\/p>\n<p>Tales medidas limitan la capacidad del Estado para desarrollar pol\u00edtica p\u00fablicas, atentan contra los derechos a la alimentaci\u00f3n, a una vida digna, obstaculizan los intercambios acad\u00e9micos, afectan el suministro energ\u00e9tico, el suministro de agua potable, medicamentos y violan el derecho a la vida en general, apunt\u00f3.<\/p>\n<p>En tal sentido, el informe sobre el tema que presentar\u00e1 en septiembre de 2026 ante el Consejo de Derechos Humanos de la ONU, instar\u00e1 a Estados Unidos a cesar esa pol\u00edtica unilateral \u201csin base jur\u00eddica internacional\u201d, incluidas las sanciones secundarias y el exceso de su cumplimiento.<\/p>\n<p>Tambi\u00e9n llamar\u00e1 a estados y organizaciones internacionales a adoptar medidas para garantizar el pleno disfrute de los derechos de los cubanos, y permitir el desarrollo de programas que benefician a otros pa\u00edses.<\/p>\n<p>En su intervenci\u00f3n, Douhan agradeci\u00f3 al gobierno de Cuba las facilidades brindadas para intercambiar con dirigentes, representantes de la sociedad civil, especialistas, acad\u00e9micos, organizaciones internacionales y personalidades de diversos sectores de la vida econ\u00f3mica, pol\u00edtica y social del pa\u00eds.<\/p>\n<p>&nbsp;<\/p>\n","protected":false},"excerpt":{"rendered":"<p>La relatora especial del Consejo de Derechos Humanos de Naciones Unidas, Alena Douhan, afirm\u00f3 este viernes en La Habana que las medidas unilaterales de Estados Unidos contra Cuba carecen de legitimidad y afectan los derechos humanos de la poblaci\u00f3n.<\/p>\n","protected":false},"author":22,"featured_media":58265,"comment_status":"open","ping_status":"open","sticky":false,"template":"","format":"standard","meta":{"_acf_changed":false,"footnotes":""},"categories":[8,3,4],"tags":[361,303],"coauthors":[1882],"class_list":["post-58264","post","type-post","status-publish","format-standard","has-post-thumbnail","hentry","category-noticia","category-cuba","category-internacionales","tag-cuba-onu","tag-derechos-humanos"],"acf":[],"_links":{"self":[{"href":"https:\/\/www.radiosanctispiritus.cu\/es\/wp-json\/wp\/v2\/posts\/58264","targetHints":{"allow":["GET"]}}],"collection":[{"href":"https:\/\/www.radiosanctispiritus.cu\/es\/wp-json\/wp\/v2\/posts"}],"about":[{"href":"https:\/\/www.radiosanctispiritus.cu\/es\/wp-json\/wp\/v2\/types\/post"}],"author":[{"embeddable":true,"href":"https:\/\/www.radiosanctispiritus.cu\/es\/wp-json\/wp\/v2\/users\/22"}],"replies":[{"embeddable":true,"href":"https:\/\/www.radiosanctispiritus.cu\/es\/wp-json\/wp\/v2\/comments?post=58264"}],"version-history":[{"count":1,"href":"https:\/\/www.radiosanctispiritus.cu\/es\/wp-json\/wp\/v2\/posts\/58264\/revisions"}],"predecessor-version":[{"id":58266,"href":"https:\/\/www.radiosanctispiritus.cu\/es\/wp-json\/wp\/v2\/posts\/58264\/revisions\/58266"}],"wp:featuredmedia":[{"embeddable":true,"href":"https:\/\/www.radiosanctispiritus.cu\/es\/wp-json\/wp\/v2\/media\/58265"}],"wp:attachment":[{"href":"https:\/\/www.radiosanctispiritus.cu\/es\/wp-json\/wp\/v2\/media?parent=58264"}],"wp:term":[{"taxonomy":"category","embeddable":true,"href":"https:\/\/www.radiosanctispiritus.cu\/es\/wp-json\/wp\/v2\/categories?post=58264"},{"taxonomy":"post_tag","embeddable":true,"href":"https:\/\/www.radiosanctispiritus.cu\/es\/wp-json\/wp\/v2\/tags?post=58264"},{"taxonomy":"author","embeddable":true,"href":"https:\/\/www.radiosanctispiritus.cu\/es\/wp-json\/wp\/v2\/coauthors?post=58264"}],"curies":[{"name":"wp","href":"https:\/\/api.w.org\/{rel}","templated":true}]}}