{"id":58194,"date":"2025-11-22T04:24:41","date_gmt":"2025-11-22T09:24:41","guid":{"rendered":"https:\/\/www.radiosanctispiritus.cu\/es\/?p=58194"},"modified":"2025-11-21T18:10:41","modified_gmt":"2025-11-21T23:10:41","slug":"museo-de-arte-colonial-de-sancti-spiritus-apuesta-por-no-cerrar-todas-sus-puertas","status":"publish","type":"post","link":"https:\/\/www.radiosanctispiritus.cu\/es\/museo-de-arte-colonial-de-sancti-spiritus-apuesta-por-no-cerrar-todas-sus-puertas\/","title":{"rendered":"Museo de Arte Colonial de Sancti Sp\u00edritus apuesta por no cerrar todas sus puertas"},"content":{"rendered":"<p>El Museo de Arte Colonial de Sancti Sp\u00edritus, cerrado desde hace seis a\u00f1os, se resiste a obstruir la totalidad de sus cien puertas.<\/p>\n<p>Su colectivo dialoga con la comunidad como alternativa para no darle la estocada final al inmueble patrimonial, de acuerdo con Yamilet Sur\u00f3 Verdecia, su directora.<\/p>\n<p>\u00abSe realizan doce actividades fijas todos los meses, donde all\u00ed se involucran distintos grupos et\u00e1reos, visitamos las escuelas donde se promocionan todos los bienes patrimoniales. Tambi\u00e9n se realizan actividades en los centros de Hogares Maternos y de Abuelos. Realizamos actividades aqu\u00ed, en la parte del segundo patio de la casa, se realiza el encuentro Mujeres de la cultura y el patrimonio, y tenemos otras, en el Centro de Documentaci\u00f3n Digna Ortiz, donde siempre se promociona el libro para hacer un llamado a la lectura\u00bb.<\/p>\n<p>Igualmente no deponen las labores de higienizaci\u00f3n al interior del Museo.<\/p>\n<p>\u00abNos llamamos a la reflexi\u00f3n para poder proteger los bienes patrimoniales, pues se crearon cuatro almacenes, en los que no solo se protegen y de resguardan los bienes, sino que se abren y se le da conservaci\u00f3n y limpieza para mantener\u00bb.<\/p>\n<p><iframe src=\"https:\/\/www.ivoox.com\/player_ej_163062105_6_1.html?c1=7a0d0b\" width=\"100%\" height=\"200\" frameborder=\"0\" scrolling=\"no\" allowfullscreen=\"allowfullscreen\"><\/iframe><\/p>\n","protected":false},"excerpt":{"rendered":"<p>El Museo de Arte Colonial de Sancti Sp\u00edritus, cerrado desde hace seis a\u00f1os, se resiste a obstruir la totalidad de sus cien puertas.<\/p>\n","protected":false},"author":12,"featured_media":58208,"comment_status":"open","ping_status":"open","sticky":false,"template":"","format":"standard","meta":{"_acf_changed":false,"footnotes":""},"categories":[8,6,9,1],"tags":[2122,32,1780],"coauthors":[1864],"class_list":["post-58194","post","type-post","status-publish","format-standard","has-post-thumbnail","hentry","category-noticia","category-cultura","category-en-audio","category-sancti-spiritus","tag-museo-colonial","tag-patrimonio","tag-sancti-spiritus"],"acf":[],"_links":{"self":[{"href":"https:\/\/www.radiosanctispiritus.cu\/es\/wp-json\/wp\/v2\/posts\/58194","targetHints":{"allow":["GET"]}}],"collection":[{"href":"https:\/\/www.radiosanctispiritus.cu\/es\/wp-json\/wp\/v2\/posts"}],"about":[{"href":"https:\/\/www.radiosanctispiritus.cu\/es\/wp-json\/wp\/v2\/types\/post"}],"author":[{"embeddable":true,"href":"https:\/\/www.radiosanctispiritus.cu\/es\/wp-json\/wp\/v2\/users\/12"}],"replies":[{"embeddable":true,"href":"https:\/\/www.radiosanctispiritus.cu\/es\/wp-json\/wp\/v2\/comments?post=58194"}],"version-history":[{"count":5,"href":"https:\/\/www.radiosanctispiritus.cu\/es\/wp-json\/wp\/v2\/posts\/58194\/revisions"}],"predecessor-version":[{"id":58204,"href":"https:\/\/www.radiosanctispiritus.cu\/es\/wp-json\/wp\/v2\/posts\/58194\/revisions\/58204"}],"wp:featuredmedia":[{"embeddable":true,"href":"https:\/\/www.radiosanctispiritus.cu\/es\/wp-json\/wp\/v2\/media\/58208"}],"wp:attachment":[{"href":"https:\/\/www.radiosanctispiritus.cu\/es\/wp-json\/wp\/v2\/media?parent=58194"}],"wp:term":[{"taxonomy":"category","embeddable":true,"href":"https:\/\/www.radiosanctispiritus.cu\/es\/wp-json\/wp\/v2\/categories?post=58194"},{"taxonomy":"post_tag","embeddable":true,"href":"https:\/\/www.radiosanctispiritus.cu\/es\/wp-json\/wp\/v2\/tags?post=58194"},{"taxonomy":"author","embeddable":true,"href":"https:\/\/www.radiosanctispiritus.cu\/es\/wp-json\/wp\/v2\/coauthors?post=58194"}],"curies":[{"name":"wp","href":"https:\/\/api.w.org\/{rel}","templated":true}]}}