{"id":58187,"date":"2025-11-22T04:59:17","date_gmt":"2025-11-22T09:59:17","guid":{"rendered":"https:\/\/www.radiosanctispiritus.cu\/es\/?p=58187"},"modified":"2025-11-21T18:10:20","modified_gmt":"2025-11-21T23:10:20","slug":"jornada-de-ciberseguridad-en-sancti-spiritus-alerta-sobre-enganos-digitales-frecuentes","status":"publish","type":"post","link":"https:\/\/www.radiosanctispiritus.cu\/es\/jornada-de-ciberseguridad-en-sancti-spiritus-alerta-sobre-enganos-digitales-frecuentes\/","title":{"rendered":"Jornada de Ciberseguridad en Sancti Sp\u00edritus alerta sobre enga\u00f1os digitales frecuentes"},"content":{"rendered":"<p dir=\"ltr\">La versi\u00f3n espirituana de la cuarta Jornada Nacional de Ciberseguridad incluy\u00f3 en su programaci\u00f3n una conferencia sobre seguridad en los tel\u00e9fonos m\u00f3viles.<\/p>\n<p dir=\"ltr\">La actividad forma parte de los m\u00faltiples espacios dedicados a sensibilizar a la ciudadan\u00eda sobre la protecci\u00f3n en el entorno digital.<\/p>\n<p dir=\"ltr\">Durante la conferencia, impartida por el especialista en inform\u00e1tica Ibrain Salgado Paz, se abordaron temas como las diferencias entre los espacios f\u00edsico y digital, destacando la importancia del ciberespacio en la vida moderna.<\/p>\n<p dir=\"ltr\">Tambi\u00e9n se hizo especial \u00e9nfasis en que las personas mayores son uno de los grupos m\u00e1s vulnerables ante los ataques cibern\u00e9ticos, debido a su menor familiaridad con las tecnolog\u00edas.<\/p>\n<p dir=\"ltr\">El experto explic\u00f3 que los ciberdelincuentes buscan robar informaci\u00f3n personal, instalar programas malignos o controlar los dispositivos m\u00f3viles mediante enga\u00f1os.<\/p>\n<p dir=\"ltr\">Se explic\u00f3 que la mayor\u00eda de los ataques, en m\u00e1s del 90% de los casos, no afectan directamente a los dispositivos, sino a las personas, ya que es m\u00e1s f\u00e1cil manipularlas para obtener lo que quieren.<\/p>\n<p dir=\"ltr\">Entre los temas abordados, se destacaron las t\u00e9cnicas que los delincuentes utilizan para enga\u00f1ar a las v\u00edctimas.<\/p>\n<p dir=\"ltr\">El especialista mostr\u00f3 ejemplos claros y comunes, y recomend\u00f3 medidas b\u00e1sicas de seguridad para defenderse, especialmente para quienes no nacieron en la era digital.<\/p>\n<p dir=\"ltr\">Estas incluyen el uso de contrase\u00f1as seguras y la precauci\u00f3n ante mensajes sospechosos.<\/p>\n<p dir=\"ltr\">Finalmente, se realiz\u00f3 un ejercicio pr\u00e1ctico para que los asistentes identificaran si sus contrase\u00f1as eran vulnerables, con el fin de entender que muchas claves que usan habitualmente no ofrecen suficiente protecci\u00f3n.<\/p>\n<p dir=\"ltr\">La jornada sirvi\u00f3 para recalcar que, ante los ciberataques, el cuidado y la educaci\u00f3n son las mejores armas para mantener la seguridad en la vida digital.<\/p>\n<p dir=\"ltr\"><iframe src=\"https:\/\/www.ivoox.com\/player_ej_163062023_6_1.html?c1=7a0d0b\" width=\"100%\" height=\"200\" frameborder=\"0\" scrolling=\"no\" allowfullscreen=\"allowfullscreen\"><\/iframe><\/p>\n","protected":false},"excerpt":{"rendered":"<p>La versi\u00f3n espirituana de la cuarta Jornada Nacional de Ciberseguridad incluy\u00f3 en su programaci\u00f3n una conferencia sobre seguridad en los tel\u00e9fonos m\u00f3viles.\u00a0<\/p>\n","protected":false},"author":18,"featured_media":58189,"comment_status":"open","ping_status":"open","sticky":false,"template":"","format":"standard","meta":{"_acf_changed":false,"footnotes":""},"categories":[8,9,1],"tags":[1828,2097,563,576],"coauthors":[1874],"class_list":["post-58187","post","type-post","status-publish","format-standard","has-post-thumbnail","hentry","category-noticia","category-en-audio","category-sancti-spiritus","tag-ciberseguridad","tag-datos-moviles","tag-internet","tag-telefonia-movil"],"acf":[],"_links":{"self":[{"href":"https:\/\/www.radiosanctispiritus.cu\/es\/wp-json\/wp\/v2\/posts\/58187","targetHints":{"allow":["GET"]}}],"collection":[{"href":"https:\/\/www.radiosanctispiritus.cu\/es\/wp-json\/wp\/v2\/posts"}],"about":[{"href":"https:\/\/www.radiosanctispiritus.cu\/es\/wp-json\/wp\/v2\/types\/post"}],"author":[{"embeddable":true,"href":"https:\/\/www.radiosanctispiritus.cu\/es\/wp-json\/wp\/v2\/users\/18"}],"replies":[{"embeddable":true,"href":"https:\/\/www.radiosanctispiritus.cu\/es\/wp-json\/wp\/v2\/comments?post=58187"}],"version-history":[{"count":4,"href":"https:\/\/www.radiosanctispiritus.cu\/es\/wp-json\/wp\/v2\/posts\/58187\/revisions"}],"predecessor-version":[{"id":58201,"href":"https:\/\/www.radiosanctispiritus.cu\/es\/wp-json\/wp\/v2\/posts\/58187\/revisions\/58201"}],"wp:featuredmedia":[{"embeddable":true,"href":"https:\/\/www.radiosanctispiritus.cu\/es\/wp-json\/wp\/v2\/media\/58189"}],"wp:attachment":[{"href":"https:\/\/www.radiosanctispiritus.cu\/es\/wp-json\/wp\/v2\/media?parent=58187"}],"wp:term":[{"taxonomy":"category","embeddable":true,"href":"https:\/\/www.radiosanctispiritus.cu\/es\/wp-json\/wp\/v2\/categories?post=58187"},{"taxonomy":"post_tag","embeddable":true,"href":"https:\/\/www.radiosanctispiritus.cu\/es\/wp-json\/wp\/v2\/tags?post=58187"},{"taxonomy":"author","embeddable":true,"href":"https:\/\/www.radiosanctispiritus.cu\/es\/wp-json\/wp\/v2\/coauthors?post=58187"}],"curies":[{"name":"wp","href":"https:\/\/api.w.org\/{rel}","templated":true}]}}