{"id":58098,"date":"2025-11-20T06:13:40","date_gmt":"2025-11-20T11:13:40","guid":{"rendered":"https:\/\/www.radiosanctispiritus.cu\/es\/?p=58098"},"modified":"2025-11-20T09:11:48","modified_gmt":"2025-11-20T14:11:48","slug":"plataforma-el-toque-atenta-contra-soberania-de-cuba","status":"publish","type":"post","link":"https:\/\/www.radiosanctispiritus.cu\/es\/plataforma-el-toque-atenta-contra-soberania-de-cuba\/","title":{"rendered":"Plataforma El Toque atenta contra soberan\u00eda de Cuba (+ video)"},"content":{"rendered":"<p>Cuba acus\u00f3 a la plataforma digital El Toque, de servir como instrumento de la guerra no convencional del Gobierno de Estados Unidos contra el orden constitucional y la soberan\u00eda de la isla.<\/p>\n<p>Una investigaci\u00f3n del Ministerio del Interior revelada en el programa especial El pueblo de Cuba alza su voz para denunciar, transmitido por la televisi\u00f3n nacional, asegur\u00f3 que El Toque es piedra angular del esquema de tr\u00e1fico de divisas y evasi\u00f3n fiscal en el pa\u00eds antillano.<\/p>\n<p>Por medio de testimonios de ex agentes de la Seguridad Cubana, fueron presentadas pr\u00e1cticas, t\u00e1cticas y operaciones calificadas como subversivas y terroristas, desarrolladas \u00aba trav\u00e9s de fachadas digitales\u00bb.<\/p>\n<p><iframe title=\"Programa especial: El Pueblo de Cuba denuncia a El Toque\" src=\"https:\/\/www.youtube.com\/embed\/O2u6oavmaKw\" width=\"580\" height=\"405\" frameborder=\"0\" allowfullscreen=\"allowfullscreen\"><\/iframe><\/p>\n<p>Seg\u00fan el audiovisual, El Toque, espec\u00edficamente, dise\u00f1a y propaga matrices comunicativas para provocar inestabilidad civil en Cuba, a partir de una estrategia financiada por fondos de subversi\u00f3n de la administraci\u00f3n estadounidense.<\/p>\n<p>Los agentes subrayaron que El Toque lidera el \u00abgolpe suave y la guerra de cuarta generaci\u00f3n\u00bb que perpetra la Casa Blanca contra la naci\u00f3n antillana, lo cual lo convierte en \u00abcaballo de Troya\u00bb del poder norteamericano.<\/p>\n<p>Presentada por Razones de Cuba, la emisi\u00f3n televisiva asegur\u00f3, adem\u00e1s, que el pueblo de Cuba \u00abidentifica y rechaza estas operaciones encubiertas destinadas a destruir la Revoluci\u00f3n Cubana\u00bb.<\/p>\n<p>Precisamente Razones de Cuba considera que El pueblo de Cuba alza su voz para denunciar, es una respuesta contundente del pueblo cubano al intento de injerencia de Estados Unidos y una defensa de \u00absu derecho a un futuro soberano\u00bb.<\/p>\n<p>El Toque es calificado como un medio digital independiente, especializado en informaci\u00f3n econ\u00f3mica, legal y de servicio p\u00fablico a la comunidad cubana, al cual La Habana acusa de responder a intereses de la derecha y utilizar dinero del contribuyente norteamericano.<\/p>\n<p>Razones de Cuba es una plataforma web fundada hace 15 a\u00f1os, orientada a practicar un periodismo contra las matrices comunicativas impuestas por medios hegem\u00f3nicos.<\/p>\n","protected":false},"excerpt":{"rendered":"<p>Cuba acus\u00f3 a la plataforma digital El Toque, de servir como instrumento de la guerra no convencional del Gobierno de Estados Unidos contra el orden constitucional y la soberan\u00eda de la isla.<\/p>\n","protected":false},"author":22,"featured_media":57856,"comment_status":"open","ping_status":"open","sticky":false,"template":"","format":"standard","meta":{"_acf_changed":false,"footnotes":""},"categories":[8,3,4],"tags":[964,2113,213,965,1136,463],"coauthors":[1882],"class_list":["post-58098","post","type-post","status-publish","format-standard","has-post-thumbnail","hentry","category-noticia","category-cuba","category-internacionales","tag-economia-cubana","tag-el-toque","tag-minint","tag-razones-de-cuba","tag-seguridad-del-estado","tag-subversion"],"acf":[],"_links":{"self":[{"href":"https:\/\/www.radiosanctispiritus.cu\/es\/wp-json\/wp\/v2\/posts\/58098","targetHints":{"allow":["GET"]}}],"collection":[{"href":"https:\/\/www.radiosanctispiritus.cu\/es\/wp-json\/wp\/v2\/posts"}],"about":[{"href":"https:\/\/www.radiosanctispiritus.cu\/es\/wp-json\/wp\/v2\/types\/post"}],"author":[{"embeddable":true,"href":"https:\/\/www.radiosanctispiritus.cu\/es\/wp-json\/wp\/v2\/users\/22"}],"replies":[{"embeddable":true,"href":"https:\/\/www.radiosanctispiritus.cu\/es\/wp-json\/wp\/v2\/comments?post=58098"}],"version-history":[{"count":2,"href":"https:\/\/www.radiosanctispiritus.cu\/es\/wp-json\/wp\/v2\/posts\/58098\/revisions"}],"predecessor-version":[{"id":58101,"href":"https:\/\/www.radiosanctispiritus.cu\/es\/wp-json\/wp\/v2\/posts\/58098\/revisions\/58101"}],"wp:featuredmedia":[{"embeddable":true,"href":"https:\/\/www.radiosanctispiritus.cu\/es\/wp-json\/wp\/v2\/media\/57856"}],"wp:attachment":[{"href":"https:\/\/www.radiosanctispiritus.cu\/es\/wp-json\/wp\/v2\/media?parent=58098"}],"wp:term":[{"taxonomy":"category","embeddable":true,"href":"https:\/\/www.radiosanctispiritus.cu\/es\/wp-json\/wp\/v2\/categories?post=58098"},{"taxonomy":"post_tag","embeddable":true,"href":"https:\/\/www.radiosanctispiritus.cu\/es\/wp-json\/wp\/v2\/tags?post=58098"},{"taxonomy":"author","embeddable":true,"href":"https:\/\/www.radiosanctispiritus.cu\/es\/wp-json\/wp\/v2\/coauthors?post=58098"}],"curies":[{"name":"wp","href":"https:\/\/api.w.org\/{rel}","templated":true}]}}