{"id":58078,"date":"2025-11-19T22:06:05","date_gmt":"2025-11-20T03:06:05","guid":{"rendered":"https:\/\/www.radiosanctispiritus.cu\/es\/?p=58078"},"modified":"2025-11-20T12:01:03","modified_gmt":"2025-11-20T17:01:03","slug":"tecnicos-espirituanos-valoran-viviendas-afectadas-en-el-oriente-cubano","status":"publish","type":"post","link":"https:\/\/www.radiosanctispiritus.cu\/es\/tecnicos-espirituanos-valoran-viviendas-afectadas-en-el-oriente-cubano\/","title":{"rendered":"T\u00e9cnicos espirituanos valoran viviendas afectadas en el oriente cubano"},"content":{"rendered":"<p>Las labores de recuperaci\u00f3n de viviendas afectadas por el hurac\u00e1n Melissa avanzan en varias comunidades de Santiago de Cuba con la participaci\u00f3n de una brigada t\u00e9cnica de Sancti Sp\u00edritus, que desarrolla acciones de diagn\u00f3stico y clasificaci\u00f3n de da\u00f1os en los municipios m\u00e1s devastados.<\/p>\n<p>El director municipal de la Vivienda en Sancti Sp\u00edritus, Edi Humberto Yera Morgado, dijo que ese equipo, conformado inicialmente por especialistas espirituanos, ha inspeccionado viviendas, cuyas principales afectaciones son la p\u00e9rdida total o parcial de techos, as\u00ed como derrumbes parciales y totales.<\/p>\n<p>En respuesta a la magnitud de los da\u00f1os, se sumaron trabajadores de la Vivienda de Ciego de \u00c1vila y Matanzas, hasta conformar una fuerza total de 24 especialistas desplegados en terrenos.<\/p>\n<p><img decoding=\"async\" class=\"size-full wp-image-58083 aligncenter\" src=\"https:\/\/www.radiosanctispiritus.cu\/es\/wp-content\/uploads\/IMG_20251119_221929-1.jpg\" alt=\"\" width=\"476\" height=\"508\" \/><\/p>\n<p>Junto a las autoridades locales, esas brigadas priorizan la atenci\u00f3n en comunidades severamente impactadas, como El Cobre y Palma Soriano, donde tambi\u00e9n contribuyen al acompa\u00f1amiento de los damnificados y a la orientaci\u00f3n sobre los pasos para la recuperaci\u00f3n constructiva, acot\u00f3 Yera Morgado.<\/p>\n<p><iframe src=\"https:\/\/www.ivoox.com\/player_ej_162959852_6_1.html?c1=7a0d0b\" width=\"100%\" height=\"200\" frameborder=\"0\" scrolling=\"no\" allowfullscreen=\"allowfullscreen\"><\/iframe><\/p>\n<p>El trabajo t\u00e9cnico prosigue a pesar de limitaciones de recursos, priorizando los casos de mayor urgencia y reafirmando la colaboraci\u00f3n interprovincial como elemento esencial para acelerar las tareas de recuperaci\u00f3n en la provincia santiaguera, concluy\u00f3 el director municipal de la Vivienda en Sancti Sp\u00edritus, Edi Humberto Yera Morgado.<\/p>\n<p><img decoding=\"async\" class=\"size-full wp-image-58084 aligncenter\" src=\"https:\/\/www.radiosanctispiritus.cu\/es\/wp-content\/uploads\/IMG_20251119_222044.jpg\" alt=\"\" width=\"476\" height=\"511\" \/><\/p>\n","protected":false},"excerpt":{"rendered":"<p>Las labores de recuperaci\u00f3n de viviendas afectadas por el hurac\u00e1n Melissa avanzan en varias comunidades de Santiago de Cuba con la participaci\u00f3n de una brigada t\u00e9cnica de Sancti Sp\u00edritus, que desarrolla acciones de diagn\u00f3stico y clasificaci\u00f3n de da\u00f1os en los municipios m\u00e1s devastados.<\/p>\n","protected":false},"author":18,"featured_media":58081,"comment_status":"open","ping_status":"open","sticky":false,"template":"","format":"standard","meta":{"_acf_changed":false,"footnotes":""},"categories":[8,3,9,1],"tags":[368,2089,195,138],"coauthors":[1874],"class_list":["post-58078","post","type-post","status-publish","format-standard","has-post-thumbnail","hentry","category-noticia","category-cuba","category-en-audio","category-sancti-spiritus","tag-huracan","tag-melissa","tag-recuperacion","tag-vivienda"],"acf":[],"_links":{"self":[{"href":"https:\/\/www.radiosanctispiritus.cu\/es\/wp-json\/wp\/v2\/posts\/58078","targetHints":{"allow":["GET"]}}],"collection":[{"href":"https:\/\/www.radiosanctispiritus.cu\/es\/wp-json\/wp\/v2\/posts"}],"about":[{"href":"https:\/\/www.radiosanctispiritus.cu\/es\/wp-json\/wp\/v2\/types\/post"}],"author":[{"embeddable":true,"href":"https:\/\/www.radiosanctispiritus.cu\/es\/wp-json\/wp\/v2\/users\/18"}],"replies":[{"embeddable":true,"href":"https:\/\/www.radiosanctispiritus.cu\/es\/wp-json\/wp\/v2\/comments?post=58078"}],"version-history":[{"count":5,"href":"https:\/\/www.radiosanctispiritus.cu\/es\/wp-json\/wp\/v2\/posts\/58078\/revisions"}],"predecessor-version":[{"id":58105,"href":"https:\/\/www.radiosanctispiritus.cu\/es\/wp-json\/wp\/v2\/posts\/58078\/revisions\/58105"}],"wp:featuredmedia":[{"embeddable":true,"href":"https:\/\/www.radiosanctispiritus.cu\/es\/wp-json\/wp\/v2\/media\/58081"}],"wp:attachment":[{"href":"https:\/\/www.radiosanctispiritus.cu\/es\/wp-json\/wp\/v2\/media?parent=58078"}],"wp:term":[{"taxonomy":"category","embeddable":true,"href":"https:\/\/www.radiosanctispiritus.cu\/es\/wp-json\/wp\/v2\/categories?post=58078"},{"taxonomy":"post_tag","embeddable":true,"href":"https:\/\/www.radiosanctispiritus.cu\/es\/wp-json\/wp\/v2\/tags?post=58078"},{"taxonomy":"author","embeddable":true,"href":"https:\/\/www.radiosanctispiritus.cu\/es\/wp-json\/wp\/v2\/coauthors?post=58078"}],"curies":[{"name":"wp","href":"https:\/\/api.w.org\/{rel}","templated":true}]}}