{"id":58041,"date":"2025-11-19T14:49:24","date_gmt":"2025-11-19T19:49:24","guid":{"rendered":"https:\/\/www.radiosanctispiritus.cu\/es\/?p=58041"},"modified":"2025-11-19T14:49:24","modified_gmt":"2025-11-19T19:49:24","slug":"derrumbe-parcial-del-techo-en-restaurante-del-hotel-memories-trinidad-del-mar-deja-cuatro-heridos-leves","status":"publish","type":"post","link":"https:\/\/www.radiosanctispiritus.cu\/es\/derrumbe-parcial-del-techo-en-restaurante-del-hotel-memories-trinidad-del-mar-deja-cuatro-heridos-leves\/","title":{"rendered":"Derrumbe parcial del techo en restaurante del hotel Memories Trinidad del Mar deja cuatro heridos leves"},"content":{"rendered":"<p class=\"western\" lang=\"es-ES\"><span style=\"font-family: Arial, sans-serif;\"><span style=\"font-size: large;\">Cuatro personas con lesiones leves es el saldo de un derrumbe parcial ocurrido en la noche del martes 18 de noviembre en el restaurante buffet del hotel Memories Trinidad del Mar, ubicado en el municipio de Trinidad, provincia de Sancti Sp\u00edritus.<\/span><\/span><\/p>\n<p class=\"western\" lang=\"es-ES\"><span style=\"font-family: Arial, sans-serif;\"><span style=\"font-size: large;\">Seg\u00fan confirm\u00f3 a este medio Luis Ernesto Camell\u00f3n Curbelo, subdelegado del Ministro del Turismo en el territorio, el incidente tuvo lugar alrededor de las 8 de la noche, cuando una parte del techo \u2014compuesto por placas de pladur\u2014 se desprendi\u00f3 s\u00fabitamente debido a un fallo estructural a\u00fan bajo investigaci\u00f3n.<\/span><\/span><\/p>\n<p class=\"western\" lang=\"es-ES\">\u201c<span style=\"font-family: Arial, sans-serif;\"><span style=\"font-size: large;\">Tuvimos un desprendimiento parcial del techo del restaurante buffet que ocasion\u00f3 la afectaci\u00f3n del servicio y algunos da\u00f1os materiales. En el \u00e1rea se encontraban clientes y, aunque hubo personas lesionadas, todas fueron atendidas de inmediato\u201d, explic\u00f3.<\/span><\/span><\/p>\n<p class=\"western\" lang=\"es-ES\"><span style=\"font-family: Arial, sans-serif;\"><span style=\"font-size: large;\">De acuerdo con la informaci\u00f3n oficial, tres turistas extranjeros y un cliente cubano resultaron golpeados por el rebote de fragmentos del falso techo al caer. Las cuatro personas presentan lesiones leves, recibieron asistencia en el propio lugar y no requirieron traslado a ning\u00fan centro de salud. \u201cFueron atendidos y est\u00e1n sin problema. Permanecen en el hotel y expresaron satisfacci\u00f3n con la atenci\u00f3n brindada\u201d, asegur\u00f3 Camell\u00f3n Curbelo.<\/span><\/span><\/p>\n<p class=\"western\" lang=\"es-ES\"><span style=\"font-family: Arial, sans-serif;\"><span style=\"font-size: large;\">Minutos despu\u00e9s del incidente, t\u00e9cnicos y especialistas de la instalaci\u00f3n acudieron al sitio para iniciar la evaluaci\u00f3n preliminar de las causas. La investigaci\u00f3n contin\u00faa en marcha mientras ya se contrata la fuerza de trabajo encargada de la reparaci\u00f3n.<\/span><\/span><\/p>\n<p class=\"western\" lang=\"es-ES\"><span style=\"font-family: Arial, sans-serif;\"><span style=\"font-size: large;\">A pesar del derrumbe, el hotel no interrumpi\u00f3 sus operaciones. De inmediato se reorganizaron los servicios gastron\u00f3micos en otras \u00e1reas habilitadas para garantizar la continuidad de la estancia de los hu\u00e9spedes \u201csin afectar su confort ni la calidad del servicio\u201d, precis\u00f3 el directivo.<\/span><\/span><\/p>\n<p class=\"western\" lang=\"es-ES\"><span style=\"font-family: Arial, sans-serif;\"><span style=\"font-size: large;\">El restaurante buffet entr\u00f3 en un proceso de mantenimiento con el prop\u00f3sito de recuperar el \u00e1rea da\u00f1ada en el menor tiempo posible y restablecer su funcionamiento habitual.<\/span><\/span><\/p>\n<p class=\"western\" lang=\"es-ES\"><span style=\"font-family: Arial, sans-serif;\"><span style=\"font-size: large;\">Las autoridades del hotel aseguraron que mantendr\u00e1n informados a los clientes y reiteraron que la instalaci\u00f3n contin\u00faa operando con normalidad mientras prosiguen las acciones t\u00e9cnicas y las evaluaciones correspondientes.<\/span><\/span><\/p>\n<p class=\"western\" lang=\"es-ES\"><span style=\"font-family: Arial, sans-serif;\"><span style=\"font-size: large;\">El Memories Trinidad del Mar es un resort todo incluido de categor\u00eda cuatro estrellas ubicado en la pen\u00ednsula de Anc\u00f3n y cuenta con 241 habitaciones; as\u00ed como una arquitectura que evoca la villa colonial de Trinidad, declarada Patrimonio Mundial por la UNESCO. <\/span><\/span><\/p>\n","protected":false},"excerpt":{"rendered":"<p>Cuatro personas con lesiones leves es el saldo de un derrumbe parcial ocurrido en la noche del martes 18 de noviembre en el restaurante buffet del hotel Memories Trinidad del Mar, ubicado en el municipio de Trinidad, provincia de Sancti Sp\u00edritus.<\/p>\n","protected":false},"author":29,"featured_media":58042,"comment_status":"open","ping_status":"open","sticky":false,"template":"","format":"standard","meta":{"_acf_changed":false,"footnotes":""},"categories":[8,1,1170],"tags":[],"coauthors":[1856],"class_list":["post-58041","post","type-post","status-publish","format-standard","has-post-thumbnail","hentry","category-noticia","category-sancti-spiritus","category-turismo"],"acf":[],"_links":{"self":[{"href":"https:\/\/www.radiosanctispiritus.cu\/es\/wp-json\/wp\/v2\/posts\/58041","targetHints":{"allow":["GET"]}}],"collection":[{"href":"https:\/\/www.radiosanctispiritus.cu\/es\/wp-json\/wp\/v2\/posts"}],"about":[{"href":"https:\/\/www.radiosanctispiritus.cu\/es\/wp-json\/wp\/v2\/types\/post"}],"author":[{"embeddable":true,"href":"https:\/\/www.radiosanctispiritus.cu\/es\/wp-json\/wp\/v2\/users\/29"}],"replies":[{"embeddable":true,"href":"https:\/\/www.radiosanctispiritus.cu\/es\/wp-json\/wp\/v2\/comments?post=58041"}],"version-history":[{"count":2,"href":"https:\/\/www.radiosanctispiritus.cu\/es\/wp-json\/wp\/v2\/posts\/58041\/revisions"}],"predecessor-version":[{"id":58044,"href":"https:\/\/www.radiosanctispiritus.cu\/es\/wp-json\/wp\/v2\/posts\/58041\/revisions\/58044"}],"wp:featuredmedia":[{"embeddable":true,"href":"https:\/\/www.radiosanctispiritus.cu\/es\/wp-json\/wp\/v2\/media\/58042"}],"wp:attachment":[{"href":"https:\/\/www.radiosanctispiritus.cu\/es\/wp-json\/wp\/v2\/media?parent=58041"}],"wp:term":[{"taxonomy":"category","embeddable":true,"href":"https:\/\/www.radiosanctispiritus.cu\/es\/wp-json\/wp\/v2\/categories?post=58041"},{"taxonomy":"post_tag","embeddable":true,"href":"https:\/\/www.radiosanctispiritus.cu\/es\/wp-json\/wp\/v2\/tags?post=58041"},{"taxonomy":"author","embeddable":true,"href":"https:\/\/www.radiosanctispiritus.cu\/es\/wp-json\/wp\/v2\/coauthors?post=58041"}],"curies":[{"name":"wp","href":"https:\/\/api.w.org\/{rel}","templated":true}]}}