{"id":58035,"date":"2025-11-19T14:37:24","date_gmt":"2025-11-19T19:37:24","guid":{"rendered":"https:\/\/www.radiosanctispiritus.cu\/es\/?p=58035"},"modified":"2025-11-19T14:37:24","modified_gmt":"2025-11-19T19:37:24","slug":"fomentenses-enaltecen-su-serrania","status":"publish","type":"post","link":"https:\/\/www.radiosanctispiritus.cu\/es\/fomentenses-enaltecen-su-serrania\/","title":{"rendered":"Fomentenses enaltecen su serran\u00eda"},"content":{"rendered":"<p>Miles de fomentenses no esperan a que salga el sol para ponerse botas y sobrero y empezar su faena diaria en las monta\u00f1as. Esos miles de fomentenses viven en las zonas m\u00e1s intrincadas de la geograf\u00eda del municipio pertenecientes al Plan Turquino.<\/p>\n<p><iframe src=\"https:\/\/www.ivoox.com\/player_ej_162959257_6_1.html?c1=7a0d0b\" width=\"100%\" height=\"200\" frameborder=\"0\" scrolling=\"no\" allowfullscreen=\"allowfullscreen\"><\/iframe><\/p>\n","protected":false},"excerpt":{"rendered":"<p>Miles de fomentenses no esperan a que salga el sol para ponerse botas y sobrero y empezar su faena diaria en las monta\u00f1as. Esos miles de fomentenses viven en las zonas m\u00e1s intrincadas de la geograf\u00eda del municipio pertenecientes al Plan Turquino. \u00a0<\/p>\n","protected":false},"author":195,"featured_media":58036,"comment_status":"open","ping_status":"open","sticky":false,"template":"","format":"standard","meta":{"_acf_changed":false,"footnotes":""},"categories":[8,9],"tags":[],"coauthors":[2065],"class_list":["post-58035","post","type-post","status-publish","format-standard","has-post-thumbnail","hentry","category-noticia","category-en-audio"],"acf":[],"_links":{"self":[{"href":"https:\/\/www.radiosanctispiritus.cu\/es\/wp-json\/wp\/v2\/posts\/58035","targetHints":{"allow":["GET"]}}],"collection":[{"href":"https:\/\/www.radiosanctispiritus.cu\/es\/wp-json\/wp\/v2\/posts"}],"about":[{"href":"https:\/\/www.radiosanctispiritus.cu\/es\/wp-json\/wp\/v2\/types\/post"}],"author":[{"embeddable":true,"href":"https:\/\/www.radiosanctispiritus.cu\/es\/wp-json\/wp\/v2\/users\/195"}],"replies":[{"embeddable":true,"href":"https:\/\/www.radiosanctispiritus.cu\/es\/wp-json\/wp\/v2\/comments?post=58035"}],"version-history":[{"count":1,"href":"https:\/\/www.radiosanctispiritus.cu\/es\/wp-json\/wp\/v2\/posts\/58035\/revisions"}],"predecessor-version":[{"id":58037,"href":"https:\/\/www.radiosanctispiritus.cu\/es\/wp-json\/wp\/v2\/posts\/58035\/revisions\/58037"}],"wp:featuredmedia":[{"embeddable":true,"href":"https:\/\/www.radiosanctispiritus.cu\/es\/wp-json\/wp\/v2\/media\/58036"}],"wp:attachment":[{"href":"https:\/\/www.radiosanctispiritus.cu\/es\/wp-json\/wp\/v2\/media?parent=58035"}],"wp:term":[{"taxonomy":"category","embeddable":true,"href":"https:\/\/www.radiosanctispiritus.cu\/es\/wp-json\/wp\/v2\/categories?post=58035"},{"taxonomy":"post_tag","embeddable":true,"href":"https:\/\/www.radiosanctispiritus.cu\/es\/wp-json\/wp\/v2\/tags?post=58035"},{"taxonomy":"author","embeddable":true,"href":"https:\/\/www.radiosanctispiritus.cu\/es\/wp-json\/wp\/v2\/coauthors?post=58035"}],"curies":[{"name":"wp","href":"https:\/\/api.w.org\/{rel}","templated":true}]}}