{"id":58015,"date":"2025-11-18T23:41:53","date_gmt":"2025-11-19T04:41:53","guid":{"rendered":"https:\/\/www.radiosanctispiritus.cu\/es\/?p=58015"},"modified":"2025-11-18T23:41:53","modified_gmt":"2025-11-19T04:41:53","slug":"celebran-cuba-y-angola-medio-siglo-de-independencia-y-relaciones","status":"publish","type":"post","link":"https:\/\/www.radiosanctispiritus.cu\/es\/celebran-cuba-y-angola-medio-siglo-de-independencia-y-relaciones\/","title":{"rendered":"Celebran Cuba y Angola medio siglo de independencia y relaciones"},"content":{"rendered":"<p>Con un homenaje pol\u00edtico cultural, Cuba y Angola conmemoraron este martes en La Habana el aniversario 50 de la independencia de esa naci\u00f3n africana y el restablecimiento de relaciones diplom\u00e1ticas entre ambos pa\u00edses.<\/p>\n<p>Seg\u00fan publica el perfil de Presidencia en X, al inicio del acto, Miguel D\u00edaz-Canel Berm\u00fadez, Primer Secretario del Comit\u00e9 Central del Partido Comunista de Cuba y Presidente de la Rep\u00fablica, transmiti\u00f3 un saludo y un abrazo del General de Ej\u00e9rcito Ra\u00fal Castro Ruz, l\u00edder de la Revoluci\u00f3n cubana, a los integrantes del cuerpo diplom\u00e1tico acreditado en la Mayor de las Antillas.<\/p>\n<p>De acuerdo al hilo publicado, la conmemoraci\u00f3n resalt\u00f3 los hist\u00f3ricos v\u00ednculos de hermandad entre Cuba y Angola, forjados en la solidaridad y el sacrificio compartido.<\/p>\n<p>Asimismo, el texto confirma la participaci\u00f3n del embajador angolano Carlos Cruz de Lemos Sardinha, miembros del Bur\u00f3 Pol\u00edtico, dirigentes del Partido y el Gobierno, representantes de la Uni\u00f3n de J\u00f3venes Comunistas, organizaciones de masas, la Asociaci\u00f3n de Combatientes de la Revoluci\u00f3n Cubana, las Fuerzas Armadas Revolucionarias (FAR) y el Ministerio del Interior (MININT).<\/p>\n<p>La publicaci\u00f3n destaca que el diplom\u00e1tico angolano agradeci\u00f3 a Cuba, a la que calific\u00f3 como \u201csegunda casa\u201d de muchos compatriotas que encontraron en la Isla formaci\u00f3n profesional en diversas especialidades, y reconoci\u00f3 el ejemplo de solidaridad hacia otros pueblos.<\/p>\n<p>De igual modo, subray\u00f3 el desarrollo alcanzado por su pa\u00eds tras la independencia y c\u00f3mo el sacrificio del pueblo cubano no fue en vano.<\/p>\n<p><img decoding=\"async\" class=\"size-full wp-image-58017 aligncenter\" src=\"https:\/\/www.radiosanctispiritus.cu\/es\/wp-content\/uploads\/DC-Cuba-Angola-aniv-50-1.jpg\" alt=\"\" width=\"580\" height=\"387\" \/><\/p>\n<p>Por Cuba, especifica la fuente, intervino el general de Cuerpo de Ej\u00e9rcito \u00c1lvaro L\u00f3pez Miera, ministro de las FAR y h\u00e9roe de la gesta libertaria, quien evoc\u00f3 momentos trascendentales de la Operaci\u00f3n Carlota.<\/p>\n<p>En ese sentido, L\u00f3pez Miera record\u00f3 que los internacionalistas cubanos contribuyeron no solo a preservar la independencia de Angola frente a agresiones impulsadas por el imperialismo, sino tambi\u00e9n a socavar las bases del Apartheid, lograr la independencia de Namibia y abrir el camino para la emancipaci\u00f3n de otras naciones del \u00c1frica Austral.<\/p>\n<p>Bruno Rodr\u00edguez Parrilla, ministro de Relaciones Exteriores de Cuba, destac\u00f3 tambi\u00e9n en esa red social que el homenaje pol\u00edtico cultural \u00a0evoc\u00f3 la hermandad hist\u00f3rica entre las dos naciones, el legado de los internacionalistas cubanos que cumplieron con principios revolucionarios, as\u00ed como el sacrificio de mujeres y hombres de Cuba y del Movimiento Popular para la Liberaci\u00f3n de Angola (MPLA) que cayeron en combate.<\/p>\n","protected":false},"excerpt":{"rendered":"<p>Con un homenaje pol\u00edtico cultural, Cuba y Angola conmemoraron este martes en La Habana el aniversario 50 de la independencia de esa naci\u00f3n africana y el restablecimiento de relaciones diplom\u00e1ticas entre ambos pa\u00edses.<\/p>\n","protected":false},"author":123,"featured_media":58016,"comment_status":"open","ping_status":"open","sticky":false,"template":"","format":"standard","meta":{"_acf_changed":false,"footnotes":""},"categories":[8,3,4],"tags":[261,28],"coauthors":[1895],"class_list":["post-58015","post","type-post","status-publish","format-standard","has-post-thumbnail","hentry","category-noticia","category-cuba","category-internacionales","tag-cuba-angola","tag-miguel-diaz-canel"],"acf":[],"_links":{"self":[{"href":"https:\/\/www.radiosanctispiritus.cu\/es\/wp-json\/wp\/v2\/posts\/58015","targetHints":{"allow":["GET"]}}],"collection":[{"href":"https:\/\/www.radiosanctispiritus.cu\/es\/wp-json\/wp\/v2\/posts"}],"about":[{"href":"https:\/\/www.radiosanctispiritus.cu\/es\/wp-json\/wp\/v2\/types\/post"}],"author":[{"embeddable":true,"href":"https:\/\/www.radiosanctispiritus.cu\/es\/wp-json\/wp\/v2\/users\/123"}],"replies":[{"embeddable":true,"href":"https:\/\/www.radiosanctispiritus.cu\/es\/wp-json\/wp\/v2\/comments?post=58015"}],"version-history":[{"count":2,"href":"https:\/\/www.radiosanctispiritus.cu\/es\/wp-json\/wp\/v2\/posts\/58015\/revisions"}],"predecessor-version":[{"id":58019,"href":"https:\/\/www.radiosanctispiritus.cu\/es\/wp-json\/wp\/v2\/posts\/58015\/revisions\/58019"}],"wp:featuredmedia":[{"embeddable":true,"href":"https:\/\/www.radiosanctispiritus.cu\/es\/wp-json\/wp\/v2\/media\/58016"}],"wp:attachment":[{"href":"https:\/\/www.radiosanctispiritus.cu\/es\/wp-json\/wp\/v2\/media?parent=58015"}],"wp:term":[{"taxonomy":"category","embeddable":true,"href":"https:\/\/www.radiosanctispiritus.cu\/es\/wp-json\/wp\/v2\/categories?post=58015"},{"taxonomy":"post_tag","embeddable":true,"href":"https:\/\/www.radiosanctispiritus.cu\/es\/wp-json\/wp\/v2\/tags?post=58015"},{"taxonomy":"author","embeddable":true,"href":"https:\/\/www.radiosanctispiritus.cu\/es\/wp-json\/wp\/v2\/coauthors?post=58015"}],"curies":[{"name":"wp","href":"https:\/\/api.w.org\/{rel}","templated":true}]}}