{"id":57942,"date":"2025-11-17T17:53:05","date_gmt":"2025-11-17T22:53:05","guid":{"rendered":"https:\/\/www.radiosanctispiritus.cu\/es\/?p=57942"},"modified":"2025-11-17T21:55:56","modified_gmt":"2025-11-18T02:55:56","slug":"cuba-en-marcha-proceso-de-debate-del-programa-de-gobierno","status":"publish","type":"post","link":"https:\/\/www.radiosanctispiritus.cu\/es\/cuba-en-marcha-proceso-de-debate-del-programa-de-gobierno\/","title":{"rendered":"Cuba: en marcha proceso de debate del Programa de gobierno"},"content":{"rendered":"<p>Aunque oficialmente el s\u00e1bado 15 comenz\u00f3 en el pa\u00eds el estudio y an\u00e1lisis del Programa de Gobierno para corregir distorsiones y reimpulsar la econom\u00eda, desde este lunes tan importante proceso debe desarrollarse con mayor alcance y amplitud.<\/p>\n<p>Las organizaciones pol\u00edticas y de masas, \u00f3rganos del Poder Popular, entidades y organismos han sido convocadas a su debate y construcci\u00f3n colectiva, como expresi\u00f3n de democracia participativa y de implicaci\u00f3n popular directa en el desarrollo de la econom\u00eda.<\/p>\n<p>Como se anunci\u00f3, hasta el 30 de diciembre se realizar\u00e1 la consulta de lo que se considera el hilo conductor para avanzar en la recuperaci\u00f3n gradual de la econom\u00eda y superar la compleja situaci\u00f3n que enfrenta la mayor de Las Antillas, agudizada tras el paso devastador del hurac\u00e1n Melissa.<\/p>\n<p>Se trata de un proceso pol\u00edtico dirigido a enriquecer y dinamizar el mencionado Programa, a identificar en cada escenario, de manera concreta, c\u00f3mo contribuir a su materializaci\u00f3n a partir de las ideas o propuestas de soluciones recogidas desde la base en las organizaciones y colectivos laborales.<\/p>\n<p>Esta construcci\u00f3n colectiva debe darle la necesaria solidez, robustecimiento, integralidad y actualizaci\u00f3n, e incluso contribuir a un mejor conocimiento, seguimiento y control popular de las acciones emprendidas y planificadas a desarrollar.<\/p>\n<p>Tal cual se dio a conocer este lunes, el XI Pleno del Comit\u00e9 Central del Partido Comunista de Cuba (CCPCC), previsto para los d\u00edas 12 y 13 de diciembre, evaluar\u00e1 el cumplimiento del Programa de gobierno.<\/p>\n<p>El 18 de julio pasado, en la clausura del Quinto Per\u00edodo Ordinario de Sesiones de la Asamblea Nacional del Poder Popular, en su X Legislatura, Miguel D\u00edaz-Canel Berm\u00fadez, Primer Secretario del CCPCC y Presidente de la Rep\u00fablica, expres\u00f3 que era imprescindible darlo a conocer, desde su fundamentaci\u00f3n hasta sus acciones, para que sea verdaderamente apoyado con participaci\u00f3n y control popular.<\/p>\n<p>En tanto, Manuel Marrero Cruz, miembro del Bur\u00f3 Pol\u00edtico y Primer ministro, manifest\u00f3 ante el Parlamento que no son pocos los retos que debemos superar.<\/p>\n<p>Mencion\u00f3 entre ellos, la soluci\u00f3n gradual de los problemas que m\u00e1s impactan en la poblaci\u00f3n: la situaci\u00f3n de la electricidad, el agua, los alimentos, el transporte, los medicamentos, los elevados precios; el fortalecimiento de las pol\u00edticas sociales.<\/p>\n<p>Consideramos que en este prop\u00f3sito lo que est\u00e1 previsto en el Programa y el rumbo trazado, es el correcto, subray\u00f3 entonces Marrero Cruz.<\/p>\n","protected":false},"excerpt":{"rendered":"<p>Las organizaciones pol\u00edticas y de masas, \u00f3rganos del Poder Popular, entidades y organismos han sido convocadas a su debate y construcci\u00f3n colectiva, como expresi\u00f3n de democracia participativa y de implicaci\u00f3n popular directa en el desarrollo de la econom\u00eda.<\/p>\n","protected":false},"author":123,"featured_media":57943,"comment_status":"open","ping_status":"open","sticky":false,"template":"","format":"standard","meta":{"_acf_changed":false,"footnotes":""},"categories":[8,3,16],"tags":[2103],"coauthors":[1895],"class_list":["post-57942","post","type-post","status-publish","format-standard","has-post-thumbnail","hentry","category-noticia","category-cuba","category-economia","tag-programa-de-gobierno"],"acf":[],"_links":{"self":[{"href":"https:\/\/www.radiosanctispiritus.cu\/es\/wp-json\/wp\/v2\/posts\/57942","targetHints":{"allow":["GET"]}}],"collection":[{"href":"https:\/\/www.radiosanctispiritus.cu\/es\/wp-json\/wp\/v2\/posts"}],"about":[{"href":"https:\/\/www.radiosanctispiritus.cu\/es\/wp-json\/wp\/v2\/types\/post"}],"author":[{"embeddable":true,"href":"https:\/\/www.radiosanctispiritus.cu\/es\/wp-json\/wp\/v2\/users\/123"}],"replies":[{"embeddable":true,"href":"https:\/\/www.radiosanctispiritus.cu\/es\/wp-json\/wp\/v2\/comments?post=57942"}],"version-history":[{"count":1,"href":"https:\/\/www.radiosanctispiritus.cu\/es\/wp-json\/wp\/v2\/posts\/57942\/revisions"}],"predecessor-version":[{"id":57944,"href":"https:\/\/www.radiosanctispiritus.cu\/es\/wp-json\/wp\/v2\/posts\/57942\/revisions\/57944"}],"wp:featuredmedia":[{"embeddable":true,"href":"https:\/\/www.radiosanctispiritus.cu\/es\/wp-json\/wp\/v2\/media\/57943"}],"wp:attachment":[{"href":"https:\/\/www.radiosanctispiritus.cu\/es\/wp-json\/wp\/v2\/media?parent=57942"}],"wp:term":[{"taxonomy":"category","embeddable":true,"href":"https:\/\/www.radiosanctispiritus.cu\/es\/wp-json\/wp\/v2\/categories?post=57942"},{"taxonomy":"post_tag","embeddable":true,"href":"https:\/\/www.radiosanctispiritus.cu\/es\/wp-json\/wp\/v2\/tags?post=57942"},{"taxonomy":"author","embeddable":true,"href":"https:\/\/www.radiosanctispiritus.cu\/es\/wp-json\/wp\/v2\/coauthors?post=57942"}],"curies":[{"name":"wp","href":"https:\/\/api.w.org\/{rel}","templated":true}]}}