{"id":57915,"date":"2025-11-18T05:20:16","date_gmt":"2025-11-18T10:20:16","guid":{"rendered":"https:\/\/www.radiosanctispiritus.cu\/es\/?p=57915"},"modified":"2025-11-17T17:08:08","modified_gmt":"2025-11-17T22:08:08","slug":"acciones-de-lucha-antivectorial-se-refuerzan-en-la-sierpe-ante-situacion-epidemiologica","status":"publish","type":"post","link":"https:\/\/www.radiosanctispiritus.cu\/es\/acciones-de-lucha-antivectorial-se-refuerzan-en-la-sierpe-ante-situacion-epidemiologica\/","title":{"rendered":"Acciones de lucha antivectorial se refuerzan en La Sierpe ante situaci\u00f3n epidemiol\u00f3gica"},"content":{"rendered":"<p>El personal de salud en La Sierpe insiste en la necesidad de acudir de inmediato al m\u00e9dico ante cualquier s\u00edntoma febril, en medio de un aumento de enfermedades virales en el municipio. Solo en la \u00faltima semana se registraron 119 casos febriles, 30 m\u00e1s que en la anterior. Seg\u00fan el Dr. Juan Carlos Rodr\u00edguez Carmenate, jefe del grupo b\u00e1sico de trabajo del policl\u00ednico docente Rosa Elena Sime\u00f3n, el promedio diario alcanza los 17 casos. De los 119 pacientes, se logr\u00f3 realizar el bloqueo epidemiol\u00f3gico en 77, y un 25,53\u202f% present\u00f3 reactividad IgM positiva, asociada principalmente al dengue y otras arbovirosis. <\/p>\n<p>La reaparici\u00f3n de focos del mosquito Aedes aegypti representa otra alerta cr\u00edtica. El Dr. Rodr\u00edguez se\u00f1al\u00f3 que persisten manzanas con alta reiteraci\u00f3n de criaderos, en particular las 019 y 05, ubicadas en la zona norte del municipio, que incluyen los edificios del 1 al 4 y del 22 al 23. Estas \u00e1reas concentran la mayor carga vectorial y requieren intervenci\u00f3n constante. <\/p>\n<p>El municipio enfrenta esta situaci\u00f3n con recursos humanos limitados. Actualmente, solo cuatro operarios conforman la plantilla de vectores. No obstante, se ha reforzado la fumigaci\u00f3n intradomiciliaria con la incorporaci\u00f3n de 10 trabajadores del propio policl\u00ednico y el apoyo adicional de personal municipal. A pesar de estos esfuerzos, las autoridades sanitarias subrayan la necesidad de una mayor participaci\u00f3n comunitaria para eliminar criaderos y contener la expansi\u00f3n del vector. <\/p>\n<p><iframe src=\"https:\/\/www.ivoox.com\/player_ej_162773839_6_1.html?c1=7a0d0b\" width=\"100%\" height=\"200\" frameborder=\"0\" allowfullscreen=\"\" scrolling=\"no\" loading=\"lazy\"><\/iframe><\/p>\n","protected":false},"excerpt":{"rendered":"<p>El Dr. Rodr\u00edguez se\u00f1al\u00f3 que persisten manzanas con alta reiteraci\u00f3n de criaderos, en particular las 019 y 05, ubicadas en la zona norte del municipio, que incluyen los edificios del 1 al 4 y del 22 al 23<\/p>\n","protected":false},"author":4,"featured_media":33790,"comment_status":"open","ping_status":"open","sticky":false,"template":"","format":"standard","meta":{"_acf_changed":false,"footnotes":""},"categories":[8,9,1],"tags":[651,2105,788],"coauthors":[1883],"class_list":["post-57915","post","type-post","status-publish","format-standard","has-post-thumbnail","hentry","category-noticia","category-en-audio","category-sancti-spiritus","tag-aedes-aegyptis","tag-campana-antivectorial","tag-la-sierpe"],"acf":[],"_links":{"self":[{"href":"https:\/\/www.radiosanctispiritus.cu\/es\/wp-json\/wp\/v2\/posts\/57915","targetHints":{"allow":["GET"]}}],"collection":[{"href":"https:\/\/www.radiosanctispiritus.cu\/es\/wp-json\/wp\/v2\/posts"}],"about":[{"href":"https:\/\/www.radiosanctispiritus.cu\/es\/wp-json\/wp\/v2\/types\/post"}],"author":[{"embeddable":true,"href":"https:\/\/www.radiosanctispiritus.cu\/es\/wp-json\/wp\/v2\/users\/4"}],"replies":[{"embeddable":true,"href":"https:\/\/www.radiosanctispiritus.cu\/es\/wp-json\/wp\/v2\/comments?post=57915"}],"version-history":[{"count":2,"href":"https:\/\/www.radiosanctispiritus.cu\/es\/wp-json\/wp\/v2\/posts\/57915\/revisions"}],"predecessor-version":[{"id":57917,"href":"https:\/\/www.radiosanctispiritus.cu\/es\/wp-json\/wp\/v2\/posts\/57915\/revisions\/57917"}],"wp:featuredmedia":[{"embeddable":true,"href":"https:\/\/www.radiosanctispiritus.cu\/es\/wp-json\/wp\/v2\/media\/33790"}],"wp:attachment":[{"href":"https:\/\/www.radiosanctispiritus.cu\/es\/wp-json\/wp\/v2\/media?parent=57915"}],"wp:term":[{"taxonomy":"category","embeddable":true,"href":"https:\/\/www.radiosanctispiritus.cu\/es\/wp-json\/wp\/v2\/categories?post=57915"},{"taxonomy":"post_tag","embeddable":true,"href":"https:\/\/www.radiosanctispiritus.cu\/es\/wp-json\/wp\/v2\/tags?post=57915"},{"taxonomy":"author","embeddable":true,"href":"https:\/\/www.radiosanctispiritus.cu\/es\/wp-json\/wp\/v2\/coauthors?post=57915"}],"curies":[{"name":"wp","href":"https:\/\/api.w.org\/{rel}","templated":true}]}}