{"id":57911,"date":"2025-11-18T05:30:05","date_gmt":"2025-11-18T10:30:05","guid":{"rendered":"https:\/\/www.radiosanctispiritus.cu\/es\/?p=57911"},"modified":"2025-11-18T09:00:36","modified_gmt":"2025-11-18T14:00:36","slug":"jose-marti-el-valiente-y-sensato-serafin","status":"publish","type":"post","link":"https:\/\/www.radiosanctispiritus.cu\/es\/jose-marti-el-valiente-y-sensato-serafin\/","title":{"rendered":"Jos\u00e9 Mart\u00ed: El valiente y sensato Seraf\u00edn"},"content":{"rendered":"<p>18 de noviembre de 1896. Hay cielo invernal, hombre y cabalgadura van como enjaezados a ganar otra batalla al enemigo espa\u00f1ol. Seraf\u00edn S\u00e1nchez Valdivia, para ese entonces Inspector General del Ej\u00e9rcito Libertador, sale con su tropa desde el campamento de La Yamagua, Taguasco, hacia la margen izquierda del r\u00edo Zaza; una vez all\u00ed, el brigadier Gonz\u00e1lez Planas ocupa posici\u00f3n en el Paso de La Larga y Jos\u00e9 Miguel G\u00f3mez, con ese propio grado militar, lo hace en el de Las Damas. Entre ambos sitios, S\u00e1nchez Valdivia coloca su Estado Mayor.<\/p>\n<p>A las huestes espa\u00f1olas, encabezadas por el coronel Eduardo Armi\u00f1\u00e1n, se adicionan los refuerzos del General L\u00f3pez Amor, quien se encontraba en Sancti Sp\u00edritus; en total, unos 2 600 enemigos pelean contra alrededor de 800 mambises, con mucho menos poder ofensivo en cuanto a armas y municiones.<\/p>\n<p>Despu\u00e9s del mediod\u00eda, siguen plantados de t\u00fa a t\u00fa contra el adversario; m\u00e1s tarde, los proyectiles insurrectos comienzan escasear. El palad\u00edn lo advierte y ordena la retirada. Pasadas las cinco de la tarde, una bala de m\u00e1user lo atraviesa del hombro derecho al izquierdo y le afecta una arteria pulmonar. Y as\u00ed, de s\u00fabito, desaparece la vida de aquel guerrero de apenas 50 a\u00f1os.<br \/>\nCuentan que, ya entrada la noche iba custodiado por los suyos el cuerpo inerte del ilustre Seraf\u00edn.<\/p>\n<p>La marcha es lenta: \u201c(\u2026) la m\u00e1s triste que la luna ha alumbrado, en un silencio cruel que solo el llanto de los hombres interrump\u00eda\u201d, anot\u00f3 alguien en el diario de campa\u00f1a del Mayor General.<\/p>\n<p>En Pozo Azul, sus leales compa\u00f1eros, sobrecogidos, lo velaron toda la noche y respetaron toda su grandeza.<\/p>\n<p>Part\u00eda as\u00ed, el h\u00e9roe de las tres guerras por la independencia de Cuba, el puente de uni\u00f3n entre los veteranos del 68 y los llamados \u201cpinos nuevos\u201d, el guerrero que no vivi\u00f3 un solo d\u00eda sin olvidarse de la causa cubana. Part\u00eda el hombre \u201cDe s\u00f3lidos m\u00e9ritos y limpio coraz\u00f3n (\u2026), como le calific\u00f3 Jos\u00e9 Mart\u00ed, \u201cel valiente y sensato cubano Seraf\u00edn S\u00e1nchez Valdivia\u201d.<\/p>\n<p><iframe src=\"https:\/\/www.ivoox.com\/player_ej_162823285_6_1.html?c1=7a0d0b\" width=\"100%\" height=\"200\" frameborder=\"0\" scrolling=\"no\" allowfullscreen=\"allowfullscreen\"><\/iframe><\/p>\n","protected":false},"excerpt":{"rendered":"<p>En Pozo Azul, sus leales compa\u00f1eros, sobrecogidos, lo velaron toda la noche y respetaron toda su grandeza.<\/p>\n","protected":false},"author":10,"featured_media":57912,"comment_status":"open","ping_status":"open","sticky":false,"template":"","format":"standard","meta":{"_acf_changed":false,"footnotes":""},"categories":[8,9,1],"tags":[1563],"coauthors":[1896],"class_list":["post-57911","post","type-post","status-publish","format-standard","has-post-thumbnail","hentry","category-noticia","category-en-audio","category-sancti-spiritus","tag-mayor-general-serafin-sanchez-valdivia"],"acf":[],"_links":{"self":[{"href":"https:\/\/www.radiosanctispiritus.cu\/es\/wp-json\/wp\/v2\/posts\/57911","targetHints":{"allow":["GET"]}}],"collection":[{"href":"https:\/\/www.radiosanctispiritus.cu\/es\/wp-json\/wp\/v2\/posts"}],"about":[{"href":"https:\/\/www.radiosanctispiritus.cu\/es\/wp-json\/wp\/v2\/types\/post"}],"author":[{"embeddable":true,"href":"https:\/\/www.radiosanctispiritus.cu\/es\/wp-json\/wp\/v2\/users\/10"}],"replies":[{"embeddable":true,"href":"https:\/\/www.radiosanctispiritus.cu\/es\/wp-json\/wp\/v2\/comments?post=57911"}],"version-history":[{"count":4,"href":"https:\/\/www.radiosanctispiritus.cu\/es\/wp-json\/wp\/v2\/posts\/57911\/revisions"}],"predecessor-version":[{"id":57946,"href":"https:\/\/www.radiosanctispiritus.cu\/es\/wp-json\/wp\/v2\/posts\/57911\/revisions\/57946"}],"wp:featuredmedia":[{"embeddable":true,"href":"https:\/\/www.radiosanctispiritus.cu\/es\/wp-json\/wp\/v2\/media\/57912"}],"wp:attachment":[{"href":"https:\/\/www.radiosanctispiritus.cu\/es\/wp-json\/wp\/v2\/media?parent=57911"}],"wp:term":[{"taxonomy":"category","embeddable":true,"href":"https:\/\/www.radiosanctispiritus.cu\/es\/wp-json\/wp\/v2\/categories?post=57911"},{"taxonomy":"post_tag","embeddable":true,"href":"https:\/\/www.radiosanctispiritus.cu\/es\/wp-json\/wp\/v2\/tags?post=57911"},{"taxonomy":"author","embeddable":true,"href":"https:\/\/www.radiosanctispiritus.cu\/es\/wp-json\/wp\/v2\/coauthors?post=57911"}],"curies":[{"name":"wp","href":"https:\/\/api.w.org\/{rel}","templated":true}]}}