{"id":57861,"date":"2025-11-17T08:42:54","date_gmt":"2025-11-17T13:42:54","guid":{"rendered":"https:\/\/www.radiosanctispiritus.cu\/es\/?p=57861"},"modified":"2025-11-17T09:23:52","modified_gmt":"2025-11-17T14:23:52","slug":"celebra-sancti-spiritus-dia-del-estudiante","status":"publish","type":"post","link":"https:\/\/www.radiosanctispiritus.cu\/es\/celebra-sancti-spiritus-dia-del-estudiante\/","title":{"rendered":"Celebra Sancti Sp\u00edritus D\u00eda del Estudiante"},"content":{"rendered":"<p>Cada 17 de noviembre Cuba celebra el D\u00eda del Estudiante, fecha que evoca la importancia de la educaci\u00f3n y el compromiso juvenil que desempe\u00f1a el estudiantado en la sociedad.<\/p>\n<p>Hoy en las Instituciones Educativas de la provincia de Sancti Spiritus, tanto de la Educaci\u00f3n General como de la Superior se efect\u00faan actividades para festejar la jornada con variadas propuestas.<\/p>\n<p>Matutinos y vespertinos especiales donde se rememore el porqu\u00e9 de la celebraci\u00f3n del D\u00eda del estudiante, jornada cient\u00edfica estudiantil, encuentros deportivos, actividades en las residencias estudiantiles y hasta en el ciberespacio con mensajes reflexivos, comentarios y fotos que inunden las redes sociales con las principales acciones que tienen lugar durante la celebraci\u00f3n.<\/p>\n<p>Es una jornada de j\u00fabilo y de recuento dentro de ese universo donde Cuba rinde homenaje a los j\u00f3venes estudiantes que en Praga hicieron oposici\u00f3n a la invasi\u00f3n nazi ocurrida en el a\u00f1o 1939.<\/p>\n<p>Este a\u00f1o la celebraci\u00f3n va dedicada tambi\u00e9n al centenario del natalicio del l\u00edder cubano Fidel Castro, quien siempre se preocup\u00f3 y mantuvo al tanto de las inquietudes de los estudiantes en Cuba.<\/p>\n<p><iframe src=\"https:\/\/www.ivoox.com\/player_ej_162757322_6_1.html?c1=7a0d0b\" width=\"100%\" height=\"200\" frameborder=\"0\" allowfullscreen=\"\" scrolling=\"no\" loading=\"lazy\"><\/iframe><\/p>\n","protected":false},"excerpt":{"rendered":"<p>En las Instituciones Educativas de la provincia de Sancti Sp\u00edritus, tanto de la Educaci\u00f3n General como de la Superior, se efect\u00faan actividades para festejar la jornada con variadas propuestas<\/p>\n","protected":false},"author":8,"featured_media":52910,"comment_status":"open","ping_status":"open","sticky":false,"template":"","format":"standard","meta":{"_acf_changed":false,"footnotes":""},"categories":[8,3,9,1],"tags":[],"coauthors":[1917],"class_list":["post-57861","post","type-post","status-publish","format-standard","has-post-thumbnail","hentry","category-noticia","category-cuba","category-en-audio","category-sancti-spiritus"],"acf":[],"_links":{"self":[{"href":"https:\/\/www.radiosanctispiritus.cu\/es\/wp-json\/wp\/v2\/posts\/57861","targetHints":{"allow":["GET"]}}],"collection":[{"href":"https:\/\/www.radiosanctispiritus.cu\/es\/wp-json\/wp\/v2\/posts"}],"about":[{"href":"https:\/\/www.radiosanctispiritus.cu\/es\/wp-json\/wp\/v2\/types\/post"}],"author":[{"embeddable":true,"href":"https:\/\/www.radiosanctispiritus.cu\/es\/wp-json\/wp\/v2\/users\/8"}],"replies":[{"embeddable":true,"href":"https:\/\/www.radiosanctispiritus.cu\/es\/wp-json\/wp\/v2\/comments?post=57861"}],"version-history":[{"count":4,"href":"https:\/\/www.radiosanctispiritus.cu\/es\/wp-json\/wp\/v2\/posts\/57861\/revisions"}],"predecessor-version":[{"id":57869,"href":"https:\/\/www.radiosanctispiritus.cu\/es\/wp-json\/wp\/v2\/posts\/57861\/revisions\/57869"}],"wp:featuredmedia":[{"embeddable":true,"href":"https:\/\/www.radiosanctispiritus.cu\/es\/wp-json\/wp\/v2\/media\/52910"}],"wp:attachment":[{"href":"https:\/\/www.radiosanctispiritus.cu\/es\/wp-json\/wp\/v2\/media?parent=57861"}],"wp:term":[{"taxonomy":"category","embeddable":true,"href":"https:\/\/www.radiosanctispiritus.cu\/es\/wp-json\/wp\/v2\/categories?post=57861"},{"taxonomy":"post_tag","embeddable":true,"href":"https:\/\/www.radiosanctispiritus.cu\/es\/wp-json\/wp\/v2\/tags?post=57861"},{"taxonomy":"author","embeddable":true,"href":"https:\/\/www.radiosanctispiritus.cu\/es\/wp-json\/wp\/v2\/coauthors?post=57861"}],"curies":[{"name":"wp","href":"https:\/\/api.w.org\/{rel}","templated":true}]}}