{"id":57830,"date":"2025-11-17T05:27:00","date_gmt":"2025-11-17T10:27:00","guid":{"rendered":"https:\/\/www.radiosanctispiritus.cu\/es\/?p=57830"},"modified":"2025-11-16T13:53:13","modified_gmt":"2025-11-16T18:53:13","slug":"hotel-la-ronda-opcion-agradable-para-el-visitante","status":"publish","type":"post","link":"https:\/\/www.radiosanctispiritus.cu\/es\/hotel-la-ronda-opcion-agradable-para-el-visitante\/","title":{"rendered":"Hotel La Ronda, opci\u00f3n agradable para el visitante"},"content":{"rendered":"<p>Ubicado en el centro de la urbe de Trinidad y a corta distancia del Casco Hist\u00f3rico declarado Patrimonio de la Humanidad, se revela el Hotel La Ronda, matizado por toques de arquitectura y decorados coloniales y con sus puertas abiertas a la temporada alta del turismo.<\/p>\n<div id=\"attachment_57832\" style=\"width: 610px\" class=\"wp-caption aligncenter\"><img decoding=\"async\" aria-describedby=\"caption-attachment-57832\" class=\"size-medium wp-image-57832\" src=\"https:\/\/www.radiosanctispiritus.cu\/es\/wp-content\/uploads\/q21-600x387.jpg\" alt=\"\" width=\"600\" height=\"387\" srcset=\"https:\/\/www.radiosanctispiritus.cu\/es\/wp-content\/uploads\/q21-600x387.jpg 600w, https:\/\/www.radiosanctispiritus.cu\/es\/wp-content\/uploads\/q21-1024x660.jpg 1024w, https:\/\/www.radiosanctispiritus.cu\/es\/wp-content\/uploads\/q21-768x495.jpg 768w, https:\/\/www.radiosanctispiritus.cu\/es\/wp-content\/uploads\/q21-1536x990.jpg 1536w, https:\/\/www.radiosanctispiritus.cu\/es\/wp-content\/uploads\/q21-2048x1320.jpg 2048w\" sizes=\"(max-width: 600px) 100vw, 600px\" \/><p id=\"caption-attachment-57832\" class=\"wp-caption-text\">El trato familiar y afable es distinci\u00f3n de La Ronda. Foto: Oscar Alfonso Sosa<\/p><\/div>\n<p>Tambi\u00e9n distingue a la instalaci\u00f3n, perteneciente a la cadena Encanto, del Grupo Hotelero Cubanac\u00e1n, el ambiente familiar y trato personalizado, que invitan sobre todo al visitante que lo elige por sus bondades, para circuitos y recorridos.<\/p>\n<div id=\"attachment_57833\" style=\"width: 610px\" class=\"wp-caption aligncenter\"><img decoding=\"async\" aria-describedby=\"caption-attachment-57833\" class=\"size-medium wp-image-57833\" src=\"https:\/\/www.radiosanctispiritus.cu\/es\/wp-content\/uploads\/q31-2-600x400.jpg\" alt=\"\" width=\"600\" height=\"400\" srcset=\"https:\/\/www.radiosanctispiritus.cu\/es\/wp-content\/uploads\/q31-2-600x400.jpg 600w, https:\/\/www.radiosanctispiritus.cu\/es\/wp-content\/uploads\/q31-2-1024x683.jpg 1024w, https:\/\/www.radiosanctispiritus.cu\/es\/wp-content\/uploads\/q31-2-768x512.jpg 768w, https:\/\/www.radiosanctispiritus.cu\/es\/wp-content\/uploads\/q31-2-1536x1024.jpg 1536w, https:\/\/www.radiosanctispiritus.cu\/es\/wp-content\/uploads\/q31-2-2048x1365.jpg 2048w\" sizes=\"(max-width: 600px) 100vw, 600px\" \/><p id=\"caption-attachment-57833\" class=\"wp-caption-text\">C\u00f3modas habitaciones est\u00e1n dispuestas al visitante. Foto: Oscar Alfonso Sosa<\/p><\/div>\n<p>Habitaciones bien confortables, que incluyen agua caliente, televisi\u00f3n satelital, minibar, tel\u00e9fonos, cajas de seguridad, entre otras, invitan al descanso.<\/p>\n<div id=\"attachment_57834\" style=\"width: 610px\" class=\"wp-caption aligncenter\"><img decoding=\"async\" aria-describedby=\"caption-attachment-57834\" class=\"size-medium wp-image-57834\" src=\"https:\/\/www.radiosanctispiritus.cu\/es\/wp-content\/uploads\/q41-2-600x422.jpg\" alt=\"\" width=\"600\" height=\"422\" srcset=\"https:\/\/www.radiosanctispiritus.cu\/es\/wp-content\/uploads\/q41-2-600x422.jpg 600w, https:\/\/www.radiosanctispiritus.cu\/es\/wp-content\/uploads\/q41-2-1024x720.jpg 1024w, https:\/\/www.radiosanctispiritus.cu\/es\/wp-content\/uploads\/q41-2-768x540.jpg 768w, https:\/\/www.radiosanctispiritus.cu\/es\/wp-content\/uploads\/q41-2-1536x1080.jpg 1536w, https:\/\/www.radiosanctispiritus.cu\/es\/wp-content\/uploads\/q41-2-2048x1440.jpg 2048w\" sizes=\"(max-width: 600px) 100vw, 600px\" \/><p id=\"caption-attachment-57834\" class=\"wp-caption-text\">Un toque de tranquilidad y pinceladas de la cultura cubana hacen muy amena la instalaci\u00f3n. Foto: Oscar Alfonso Sosa<\/p><\/div>\n<p>Y como curiosidad que atrapa, las habitaciones de La Ronda est\u00e1n se\u00f1alizadas con el t\u00edtulo de emblem\u00e1ticos boleros como L\u00e1grimas negras, Longina, Contigo en la distancia y otros, un toque de cultura que agradece bien el visitante.<\/p>\n<div id=\"attachment_57835\" style=\"width: 610px\" class=\"wp-caption aligncenter\"><img decoding=\"async\" aria-describedby=\"caption-attachment-57835\" class=\"size-medium wp-image-57835\" src=\"https:\/\/www.radiosanctispiritus.cu\/es\/wp-content\/uploads\/q5-20-600x429.jpg\" alt=\"\" width=\"600\" height=\"429\" srcset=\"https:\/\/www.radiosanctispiritus.cu\/es\/wp-content\/uploads\/q5-20-600x429.jpg 600w, https:\/\/www.radiosanctispiritus.cu\/es\/wp-content\/uploads\/q5-20-1024x732.jpg 1024w, https:\/\/www.radiosanctispiritus.cu\/es\/wp-content\/uploads\/q5-20-768x549.jpg 768w, https:\/\/www.radiosanctispiritus.cu\/es\/wp-content\/uploads\/q5-20-1536x1098.jpg 1536w, https:\/\/www.radiosanctispiritus.cu\/es\/wp-content\/uploads\/q5-20-2048x1464.jpg 2048w\" sizes=\"(max-width: 600px) 100vw, 600px\" \/><p id=\"caption-attachment-57835\" class=\"wp-caption-text\">Las habitaciones cuentan con comodidades ideales para una mejor estancia. Foto: Oscar Alfonso Sosa<\/p><\/div>\n<p>&nbsp;<\/p>\n<div id=\"attachment_57836\" style=\"width: 610px\" class=\"wp-caption aligncenter\"><img decoding=\"async\" aria-describedby=\"caption-attachment-57836\" class=\"size-medium wp-image-57836\" src=\"https:\/\/www.radiosanctispiritus.cu\/es\/wp-content\/uploads\/q61-1-600x435.jpg\" alt=\"\" width=\"600\" height=\"435\" srcset=\"https:\/\/www.radiosanctispiritus.cu\/es\/wp-content\/uploads\/q61-1-600x435.jpg 600w, https:\/\/www.radiosanctispiritus.cu\/es\/wp-content\/uploads\/q61-1-1024x742.jpg 1024w, https:\/\/www.radiosanctispiritus.cu\/es\/wp-content\/uploads\/q61-1-768x557.jpg 768w, https:\/\/www.radiosanctispiritus.cu\/es\/wp-content\/uploads\/q61-1-1536x1113.jpg 1536w, https:\/\/www.radiosanctispiritus.cu\/es\/wp-content\/uploads\/q61-1-2048x1484.jpg 2048w\" sizes=\"(max-width: 600px) 100vw, 600px\" \/><p id=\"caption-attachment-57836\" class=\"wp-caption-text\">El buen gusto en la gastronom\u00eda atrapa. Foto: Oscar Alfonso Sosa<\/p><\/div>\n<p>&nbsp;<\/p>\n<div id=\"attachment_57837\" style=\"width: 610px\" class=\"wp-caption aligncenter\"><img decoding=\"async\" aria-describedby=\"caption-attachment-57837\" class=\"size-medium wp-image-57837\" src=\"https:\/\/www.radiosanctispiritus.cu\/es\/wp-content\/uploads\/q7-8-600x400.jpg\" alt=\"\" width=\"600\" height=\"400\" srcset=\"https:\/\/www.radiosanctispiritus.cu\/es\/wp-content\/uploads\/q7-8-600x400.jpg 600w, https:\/\/www.radiosanctispiritus.cu\/es\/wp-content\/uploads\/q7-8-1024x683.jpg 1024w, https:\/\/www.radiosanctispiritus.cu\/es\/wp-content\/uploads\/q7-8-768x512.jpg 768w, https:\/\/www.radiosanctispiritus.cu\/es\/wp-content\/uploads\/q7-8-1536x1024.jpg 1536w, https:\/\/www.radiosanctispiritus.cu\/es\/wp-content\/uploads\/q7-8-2048x1365.jpg 2048w\" sizes=\"(max-width: 600px) 100vw, 600px\" \/><p id=\"caption-attachment-57837\" class=\"wp-caption-text\">Vista del patio interior del hotel La Ronda, perteneciente a la cadena Encanto, del Grupo Hotelero Cubanac\u00e1n. Foto: Oscar Alfonso Sosa<\/p><\/div>\n<p>&nbsp;<\/p>\n<div id=\"attachment_57838\" style=\"width: 610px\" class=\"wp-caption aligncenter\"><img decoding=\"async\" aria-describedby=\"caption-attachment-57838\" class=\"size-medium wp-image-57838\" src=\"https:\/\/www.radiosanctispiritus.cu\/es\/wp-content\/uploads\/q8-3-600x400.jpg\" alt=\"\" width=\"600\" height=\"400\" srcset=\"https:\/\/www.radiosanctispiritus.cu\/es\/wp-content\/uploads\/q8-3-600x400.jpg 600w, https:\/\/www.radiosanctispiritus.cu\/es\/wp-content\/uploads\/q8-3-1024x683.jpg 1024w, https:\/\/www.radiosanctispiritus.cu\/es\/wp-content\/uploads\/q8-3-768x512.jpg 768w, https:\/\/www.radiosanctispiritus.cu\/es\/wp-content\/uploads\/q8-3-1536x1024.jpg 1536w, https:\/\/www.radiosanctispiritus.cu\/es\/wp-content\/uploads\/q8-3-2048x1365.jpg 2048w\" sizes=\"(max-width: 600px) 100vw, 600px\" \/><p id=\"caption-attachment-57838\" class=\"wp-caption-text\">Vista del sencillo y acogedor restaurante. Foto: Oscar Alfonso Sosa<\/p><\/div>\n","protected":false},"excerpt":{"rendered":"<p>Ubicado en el centro de la urbe de Trinidad y a corta distancia del Casco Hist\u00f3rico declarado Patrimonio de la Humanidad, se revela el Hotel La Ronda, matizado por toques de arquitectura y decorados coloniales y con sus puertas abiertas a la temporada alta del turismo.<\/p>\n","protected":false},"author":15,"featured_media":57831,"comment_status":"open","ping_status":"open","sticky":false,"template":"","format":"standard","meta":{"_acf_changed":false,"footnotes":""},"categories":[8,11,1],"tags":[40,23],"coauthors":[1884],"class_list":["post-57830","post","type-post","status-publish","format-standard","has-post-thumbnail","hentry","category-noticia","category-fotorreportaje","category-sancti-spiritus","tag-trinidad","tag-turismo"],"acf":[],"_links":{"self":[{"href":"https:\/\/www.radiosanctispiritus.cu\/es\/wp-json\/wp\/v2\/posts\/57830","targetHints":{"allow":["GET"]}}],"collection":[{"href":"https:\/\/www.radiosanctispiritus.cu\/es\/wp-json\/wp\/v2\/posts"}],"about":[{"href":"https:\/\/www.radiosanctispiritus.cu\/es\/wp-json\/wp\/v2\/types\/post"}],"author":[{"embeddable":true,"href":"https:\/\/www.radiosanctispiritus.cu\/es\/wp-json\/wp\/v2\/users\/15"}],"replies":[{"embeddable":true,"href":"https:\/\/www.radiosanctispiritus.cu\/es\/wp-json\/wp\/v2\/comments?post=57830"}],"version-history":[{"count":2,"href":"https:\/\/www.radiosanctispiritus.cu\/es\/wp-json\/wp\/v2\/posts\/57830\/revisions"}],"predecessor-version":[{"id":57840,"href":"https:\/\/www.radiosanctispiritus.cu\/es\/wp-json\/wp\/v2\/posts\/57830\/revisions\/57840"}],"wp:featuredmedia":[{"embeddable":true,"href":"https:\/\/www.radiosanctispiritus.cu\/es\/wp-json\/wp\/v2\/media\/57831"}],"wp:attachment":[{"href":"https:\/\/www.radiosanctispiritus.cu\/es\/wp-json\/wp\/v2\/media?parent=57830"}],"wp:term":[{"taxonomy":"category","embeddable":true,"href":"https:\/\/www.radiosanctispiritus.cu\/es\/wp-json\/wp\/v2\/categories?post=57830"},{"taxonomy":"post_tag","embeddable":true,"href":"https:\/\/www.radiosanctispiritus.cu\/es\/wp-json\/wp\/v2\/tags?post=57830"},{"taxonomy":"author","embeddable":true,"href":"https:\/\/www.radiosanctispiritus.cu\/es\/wp-json\/wp\/v2\/coauthors?post=57830"}],"curies":[{"name":"wp","href":"https:\/\/api.w.org\/{rel}","templated":true}]}}