{"id":57803,"date":"2025-11-16T05:14:24","date_gmt":"2025-11-16T10:14:24","guid":{"rendered":"https:\/\/www.radiosanctispiritus.cu\/es\/?p=57803"},"modified":"2025-11-15T16:40:49","modified_gmt":"2025-11-15T21:40:49","slug":"sancti-spiritus-no-registra-circulacion-de-la-fiebre-de-oropouche","status":"publish","type":"post","link":"https:\/\/www.radiosanctispiritus.cu\/es\/sancti-spiritus-no-registra-circulacion-de-la-fiebre-de-oropouche\/","title":{"rendered":"Sancti Sp\u00edritus no registra circulaci\u00f3n de la fiebre de oropouche"},"content":{"rendered":"<p>Sancti Spiritus no registra hasta hoy circulaci\u00f3n de la fiebre de Oropouche, lo que constituye un elemento favorable dentro del panorama epidemiol\u00f3gico de la provincia y permite concentrar los esfuerzos en el control de otras arbovirosis como el dengue y chikungunya.<\/p>\n<p>De acuerdo con Yurien Negr\u00edn Calvo, subdirectora del Centro Provincial de Higiene, Epidemiolog\u00eda y Microbiolog\u00eda, al cierre de la semana 43 se confirm\u00f3 la ausencia de este tipo de casos en los ocho municipios, aunque se mantienen activas las acciones de vigilancia y control contra las dem\u00e1s virosis transmitidas por mosquitos y otros vectores.<\/p>\n<p>\u00abEn este a\u00f1o nosotros no tenemos diagn\u00f3stico de Oropouche, se mantiene como les dec\u00eda la vigilancia epidemiol\u00f3gica con todos los env\u00edos de las muestras al IPK como lo tenemos establecido seg\u00fan protocolo, pero en este a\u00f1o la provincia no ha identificado la circulaci\u00f3n de Oropouche, sin embargo el a\u00f1o pasado s\u00ed lo tuvimos. Realmente, hoy los cuadros que est\u00e1n predominando son el dengue, que es espec\u00edfico para esta etapa del a\u00f1o donde hay una hiperendemia y la presencia tambi\u00e9n del chikungunya por los cuadros cl\u00ednicos que est\u00e1 presentando nuestra poblaci\u00f3n\u00bb, afirma la fuente.<\/p>\n<p>Negr\u00edn Calvo insisti\u00f3 en que la disciplina comunitaria y la eliminaci\u00f3n de criaderos resultan esenciales en Santi Spiritus para revertir el complejo panorama epidemiol\u00f3gico actual y contener la propagaci\u00f3n de enfermedades transmitidas por mosquitos.<\/p>\n<p><iframe src=\"https:\/\/www.ivoox.com\/player_ej_162689445_6_1.html?c1=7a0d0b\" width=\"100%\" height=\"200\" frameborder=\"0\" allowfullscreen=\"\" scrolling=\"no\" loading=\"lazy\"><\/iframe><\/p>\n","protected":false},"excerpt":{"rendered":"<p>Sancti Spiritus no registra hasta hoy circulaci\u00f3n de la fiebre de Oropouche, lo que constituye un elemento favorable dentro del panorama epidemiol\u00f3gico de la provincia<\/p>\n","protected":false},"author":4,"featured_media":27545,"comment_status":"open","ping_status":"open","sticky":false,"template":"","format":"standard","meta":{"_acf_changed":false,"footnotes":""},"categories":[8,9,1],"tags":[2034,2105,1299],"coauthors":[1883],"class_list":["post-57803","post","type-post","status-publish","format-standard","has-post-thumbnail","hentry","category-noticia","category-en-audio","category-sancti-spiritus","tag-arbovirosis","tag-campana-antivectorial","tag-oropouche"],"acf":[],"_links":{"self":[{"href":"https:\/\/www.radiosanctispiritus.cu\/es\/wp-json\/wp\/v2\/posts\/57803","targetHints":{"allow":["GET"]}}],"collection":[{"href":"https:\/\/www.radiosanctispiritus.cu\/es\/wp-json\/wp\/v2\/posts"}],"about":[{"href":"https:\/\/www.radiosanctispiritus.cu\/es\/wp-json\/wp\/v2\/types\/post"}],"author":[{"embeddable":true,"href":"https:\/\/www.radiosanctispiritus.cu\/es\/wp-json\/wp\/v2\/users\/4"}],"replies":[{"embeddable":true,"href":"https:\/\/www.radiosanctispiritus.cu\/es\/wp-json\/wp\/v2\/comments?post=57803"}],"version-history":[{"count":2,"href":"https:\/\/www.radiosanctispiritus.cu\/es\/wp-json\/wp\/v2\/posts\/57803\/revisions"}],"predecessor-version":[{"id":57805,"href":"https:\/\/www.radiosanctispiritus.cu\/es\/wp-json\/wp\/v2\/posts\/57803\/revisions\/57805"}],"wp:featuredmedia":[{"embeddable":true,"href":"https:\/\/www.radiosanctispiritus.cu\/es\/wp-json\/wp\/v2\/media\/27545"}],"wp:attachment":[{"href":"https:\/\/www.radiosanctispiritus.cu\/es\/wp-json\/wp\/v2\/media?parent=57803"}],"wp:term":[{"taxonomy":"category","embeddable":true,"href":"https:\/\/www.radiosanctispiritus.cu\/es\/wp-json\/wp\/v2\/categories?post=57803"},{"taxonomy":"post_tag","embeddable":true,"href":"https:\/\/www.radiosanctispiritus.cu\/es\/wp-json\/wp\/v2\/tags?post=57803"},{"taxonomy":"author","embeddable":true,"href":"https:\/\/www.radiosanctispiritus.cu\/es\/wp-json\/wp\/v2\/coauthors?post=57803"}],"curies":[{"name":"wp","href":"https:\/\/api.w.org\/{rel}","templated":true}]}}