{"id":57708,"date":"2025-11-14T07:57:13","date_gmt":"2025-11-14T12:57:13","guid":{"rendered":"https:\/\/www.radiosanctispiritus.cu\/es\/?p=57708"},"modified":"2025-11-14T07:57:13","modified_gmt":"2025-11-14T12:57:13","slug":"trabajadores-espirituanos-solidarios-con-damnificados-de-la-region-oriental","status":"publish","type":"post","link":"https:\/\/www.radiosanctispiritus.cu\/es\/trabajadores-espirituanos-solidarios-con-damnificados-de-la-region-oriental\/","title":{"rendered":"Trabajadores espirituanos solidarios con damnificados de la regi\u00f3n oriental"},"content":{"rendered":"<p>La Central de Trabajadores de Cuba de la provincia de Sancti Sp\u00edritus, de conjunto con sus sindicatos, se suma a las expresiones de solidaridad con los damnificados tras el paso del hurac\u00e1n Melissa por las provincias m\u00e1s orientales del pa\u00eds. As\u00ed lo coment\u00f3 a la radio la miembro del Secretariado Provincial de la organizaci\u00f3n obrera en la demarcaci\u00f3n Niurkis Oria Rom\u00e1n.<\/p>\n<p>\u00abTodos los municipios se volcaron a esta convocatoria y realmente, hay que destacar que fue una gran respuesta de nuestros trabajadores en aportar gran cantidad de cosas, tanto personales como de ferreter\u00eda, como alimentos. Tambi\u00e9n un grupo de MIPYME que est\u00e1n afiliados a los diferentes sindicatos hicieron aportes significativos\u00bb, coment\u00f3 la fuente. <\/p>\n<p>Sobre el proceso de recepci\u00f3n de los donativos, inform\u00f3 que ya las donaciones se recepcionaron en la f\u00e1brica de \u00edntimas, fue el almac\u00e9n que se utiliz\u00f3 para la recolecci\u00f3n de todos estos donativos. De conjunto con el gobierno trabajan para la clasificaci\u00f3n de los donativos porque lo hicieron de una manera que sea m\u00e1s factible a la hora de repartir all\u00e1 en el oriente cubano.<\/p>\n<p>\u00abLa clasificamos por ropa de hombre, ropa de ni\u00f1o, ropa de mujer, juguetes, ya que esas personas se quedaron sin nada y y ya les digo, es digno de destacar todo el aporte que han hecho los trabajadores espirituanos en funci\u00f3n de poder ayudar. Sindicalistas de la provincia se solidarizan con los damnificados del oriente del pa\u00eds\u00bb, puntualiz\u00f3.<\/p>\n<p><iframe src=\"https:\/\/www.ivoox.com\/player_ej_162600182_6_1.html?c1=7a0d0b\" width=\"100%\" height=\"200\" frameborder=\"0\" allowfullscreen=\"\" scrolling=\"no\" loading=\"lazy\"><\/iframe><\/p>\n","protected":false},"excerpt":{"rendered":"<p>La Central de Trabajadores de Cuba de la provincia de Sancti Sp\u00edritus, de conjunto con sus sindicatos, se suma a las expresiones de solidaridad con los damnificados tras el paso del hurac\u00e1n Melissa por las provincias m\u00e1s orientales del pa\u00eds<\/p>\n","protected":false},"author":173,"featured_media":22028,"comment_status":"open","ping_status":"open","sticky":false,"template":"","format":"standard","meta":{"_acf_changed":false,"footnotes":""},"categories":[8,9,1],"tags":[142,684],"coauthors":[1865],"class_list":["post-57708","post","type-post","status-publish","format-standard","has-post-thumbnail","hentry","category-noticia","category-en-audio","category-sancti-spiritus","tag-apoyo-solidario","tag-sindicato"],"acf":[],"_links":{"self":[{"href":"https:\/\/www.radiosanctispiritus.cu\/es\/wp-json\/wp\/v2\/posts\/57708","targetHints":{"allow":["GET"]}}],"collection":[{"href":"https:\/\/www.radiosanctispiritus.cu\/es\/wp-json\/wp\/v2\/posts"}],"about":[{"href":"https:\/\/www.radiosanctispiritus.cu\/es\/wp-json\/wp\/v2\/types\/post"}],"author":[{"embeddable":true,"href":"https:\/\/www.radiosanctispiritus.cu\/es\/wp-json\/wp\/v2\/users\/173"}],"replies":[{"embeddable":true,"href":"https:\/\/www.radiosanctispiritus.cu\/es\/wp-json\/wp\/v2\/comments?post=57708"}],"version-history":[{"count":2,"href":"https:\/\/www.radiosanctispiritus.cu\/es\/wp-json\/wp\/v2\/posts\/57708\/revisions"}],"predecessor-version":[{"id":57710,"href":"https:\/\/www.radiosanctispiritus.cu\/es\/wp-json\/wp\/v2\/posts\/57708\/revisions\/57710"}],"wp:featuredmedia":[{"embeddable":true,"href":"https:\/\/www.radiosanctispiritus.cu\/es\/wp-json\/wp\/v2\/media\/22028"}],"wp:attachment":[{"href":"https:\/\/www.radiosanctispiritus.cu\/es\/wp-json\/wp\/v2\/media?parent=57708"}],"wp:term":[{"taxonomy":"category","embeddable":true,"href":"https:\/\/www.radiosanctispiritus.cu\/es\/wp-json\/wp\/v2\/categories?post=57708"},{"taxonomy":"post_tag","embeddable":true,"href":"https:\/\/www.radiosanctispiritus.cu\/es\/wp-json\/wp\/v2\/tags?post=57708"},{"taxonomy":"author","embeddable":true,"href":"https:\/\/www.radiosanctispiritus.cu\/es\/wp-json\/wp\/v2\/coauthors?post=57708"}],"curies":[{"name":"wp","href":"https:\/\/api.w.org\/{rel}","templated":true}]}}