{"id":57696,"date":"2025-11-14T08:30:45","date_gmt":"2025-11-14T13:30:45","guid":{"rendered":"https:\/\/www.radiosanctispiritus.cu\/es\/?p=57696"},"modified":"2025-11-14T10:50:57","modified_gmt":"2025-11-14T15:50:57","slug":"contingente-espirituano-prosigue-inmerso-en-recuperacion-electrica-en-santiago-de-cuba","status":"publish","type":"post","link":"https:\/\/www.radiosanctispiritus.cu\/es\/contingente-espirituano-prosigue-inmerso-en-recuperacion-electrica-en-santiago-de-cuba\/","title":{"rendered":"Contingente espirituano prosigue inmerso en recuperaci\u00f3n el\u00e9ctrica en Santiago de Cuba"},"content":{"rendered":"<p>Los cerca de SETENTA integrantes del contingente Seraf\u00edn S\u00e1nchez Valdivia, de la Empresa El\u00e9ctrica Sancti Sp\u00edritus, trabajan desde hace d\u00edas en la recuperaci\u00f3n del servicio el\u00e9ctrico en Santiago de Cuba, severamente afectada por el hurac\u00e1n Melissa.<\/p>\n<p>De acuerdo con Roberto Hern\u00e1ndez Rojas, director general de la entidad, los trabajadores han demostrado una alta preparaci\u00f3n, lo que ha permitido avanzar en la rehabilitaci\u00f3n de l\u00edneas, postes y transformadores ca\u00eddos.<\/p>\n<p>Explic\u00f3 que, la brigada espirituana se ha desplegado en zonas de dif\u00edcil acceso, al tiempo que enfrentan jornadas prolongadas y condiciones complejas para devolver la energ\u00eda a comunidades golpeadas por el reciente evento meteorol\u00f3gico.<\/p>\n<p>El contingente de Sancti Sp\u00edritus, permanecer\u00e1 en territorio santiaguero el tiempo que sea necesario, como parte del esfuerzo nacional por restablecer la vitalidad del sistema el\u00e9ctrico.<\/p>\n<p>&nbsp;<\/p>\n<p><iframe src=\"https:\/\/www.ivoox.com\/player_ej_162650232_6_1.html?c1=7a0d0b\" width=\"100%\" height=\"200\" frameborder=\"0\" scrolling=\"no\" allowfullscreen=\"allowfullscreen\"><\/iframe><\/p>\n","protected":false},"excerpt":{"rendered":"<p>Cerca de setenta t\u00e9cnicos linieros y especialistas del contingente Seraf\u00edn S\u00e1nchez Valdivia, perteneciente a la Empresa El\u00e9ctrica de Sancti Sp\u00edritus, se encuentran desplegados desde hace varios d\u00edas en la provincia de Santiago de Cuba para apoyar las labores de recuperaci\u00f3n del sistema el\u00e9ctrico afectado por el hurac\u00e1n Melissa<\/p>\n","protected":false},"author":29,"featured_media":6831,"comment_status":"open","ping_status":"open","sticky":false,"template":"","format":"standard","meta":{"_acf_changed":false,"footnotes":""},"categories":[3,9,8,1],"tags":[142,391,2089],"coauthors":[1856],"class_list":["post-57696","post","type-post","status-publish","format-standard","has-post-thumbnail","hentry","category-cuba","category-en-audio","category-noticia","category-sancti-spiritus","tag-apoyo-solidario","tag-empresa-electrica","tag-melissa"],"acf":[],"_links":{"self":[{"href":"https:\/\/www.radiosanctispiritus.cu\/es\/wp-json\/wp\/v2\/posts\/57696","targetHints":{"allow":["GET"]}}],"collection":[{"href":"https:\/\/www.radiosanctispiritus.cu\/es\/wp-json\/wp\/v2\/posts"}],"about":[{"href":"https:\/\/www.radiosanctispiritus.cu\/es\/wp-json\/wp\/v2\/types\/post"}],"author":[{"embeddable":true,"href":"https:\/\/www.radiosanctispiritus.cu\/es\/wp-json\/wp\/v2\/users\/29"}],"replies":[{"embeddable":true,"href":"https:\/\/www.radiosanctispiritus.cu\/es\/wp-json\/wp\/v2\/comments?post=57696"}],"version-history":[{"count":5,"href":"https:\/\/www.radiosanctispiritus.cu\/es\/wp-json\/wp\/v2\/posts\/57696\/revisions"}],"predecessor-version":[{"id":57725,"href":"https:\/\/www.radiosanctispiritus.cu\/es\/wp-json\/wp\/v2\/posts\/57696\/revisions\/57725"}],"wp:featuredmedia":[{"embeddable":true,"href":"https:\/\/www.radiosanctispiritus.cu\/es\/wp-json\/wp\/v2\/media\/6831"}],"wp:attachment":[{"href":"https:\/\/www.radiosanctispiritus.cu\/es\/wp-json\/wp\/v2\/media?parent=57696"}],"wp:term":[{"taxonomy":"category","embeddable":true,"href":"https:\/\/www.radiosanctispiritus.cu\/es\/wp-json\/wp\/v2\/categories?post=57696"},{"taxonomy":"post_tag","embeddable":true,"href":"https:\/\/www.radiosanctispiritus.cu\/es\/wp-json\/wp\/v2\/tags?post=57696"},{"taxonomy":"author","embeddable":true,"href":"https:\/\/www.radiosanctispiritus.cu\/es\/wp-json\/wp\/v2\/coauthors?post=57696"}],"curies":[{"name":"wp","href":"https:\/\/api.w.org\/{rel}","templated":true}]}}