{"id":57692,"date":"2025-11-13T22:48:42","date_gmt":"2025-11-14T03:48:42","guid":{"rendered":"https:\/\/www.radiosanctispiritus.cu\/es\/?p=57692"},"modified":"2025-11-13T22:48:42","modified_gmt":"2025-11-14T03:48:42","slug":"insta-diaz-canel-a-priorizar-recuperacion-tras-embate-de-melissa","status":"publish","type":"post","link":"https:\/\/www.radiosanctispiritus.cu\/es\/insta-diaz-canel-a-priorizar-recuperacion-tras-embate-de-melissa\/","title":{"rendered":"Insta D\u00edaz-Canel a priorizar recuperaci\u00f3n tras embate de Melissa"},"content":{"rendered":"<p>El presidente de Cuba, Miguel D\u00edaz-Canel, exhort\u00f3 este jueves a promover y agilizar las acciones necesarias para garantizar la pronta y sostenible recuperaci\u00f3n en las regiones afectadas por el reciente embate del hurac\u00e1n Melissa.<\/p>\n<p>Durante un encuentro del Consejo de Defensa Nacional, realizado en la oriental provincia de Santiago de Cuba, tambi\u00e9n inst\u00f3 a incrementar la participaci\u00f3n popular en los procesos recuperativos dirigidos por las autoridades gubernamentales.<\/p>\n<p>Seg\u00fan coment\u00f3, el apoyo del pueblo es imprescindible en circunstancias en las cuales hay varios trabajos imprescindibles, entre ellos restaurar viviendas, restablecer servicios b\u00e1sicos y recuperar las \u00e1reas agr\u00edcolas.<\/p>\n<p>Asimismo, reiter\u00f3 que debe enfrentarse la epidemia de arbovirosis con el mismo enfoque cient\u00edfico que se combati\u00f3 la Covid-19, y a partir de eficientes operaciones de saneamiento, control de vectores y atenci\u00f3n primaria.<\/p>\n<p>D\u00edaz-Canel, adem\u00e1s, asegur\u00f3 que las instituciones y organizaciones del pa\u00eds continuar\u00e1n informando acerca del proceso de recuperaci\u00f3n para regresar a la normalidad en los territorios orientales, los m\u00e1s afectados por el fen\u00f3meno hidrometeorol\u00f3gico.<\/p>\n","protected":false},"excerpt":{"rendered":"<p>El presidente de Cuba, Miguel D\u00edaz-Canel, exhort\u00f3 este jueves a promover y agilizar las acciones necesarias para garantizar la pronta y sostenible recuperaci\u00f3n en las regiones afectadas por el reciente embate del hurac\u00e1n Melissa.<\/p>\n","protected":false},"author":22,"featured_media":57693,"comment_status":"open","ping_status":"open","sticky":false,"template":"","format":"standard","meta":{"_acf_changed":false,"footnotes":""},"categories":[8,3],"tags":[368,2089,28,195],"coauthors":[1882],"class_list":["post-57692","post","type-post","status-publish","format-standard","has-post-thumbnail","hentry","category-noticia","category-cuba","tag-huracan","tag-melissa","tag-miguel-diaz-canel","tag-recuperacion"],"acf":[],"_links":{"self":[{"href":"https:\/\/www.radiosanctispiritus.cu\/es\/wp-json\/wp\/v2\/posts\/57692","targetHints":{"allow":["GET"]}}],"collection":[{"href":"https:\/\/www.radiosanctispiritus.cu\/es\/wp-json\/wp\/v2\/posts"}],"about":[{"href":"https:\/\/www.radiosanctispiritus.cu\/es\/wp-json\/wp\/v2\/types\/post"}],"author":[{"embeddable":true,"href":"https:\/\/www.radiosanctispiritus.cu\/es\/wp-json\/wp\/v2\/users\/22"}],"replies":[{"embeddable":true,"href":"https:\/\/www.radiosanctispiritus.cu\/es\/wp-json\/wp\/v2\/comments?post=57692"}],"version-history":[{"count":1,"href":"https:\/\/www.radiosanctispiritus.cu\/es\/wp-json\/wp\/v2\/posts\/57692\/revisions"}],"predecessor-version":[{"id":57694,"href":"https:\/\/www.radiosanctispiritus.cu\/es\/wp-json\/wp\/v2\/posts\/57692\/revisions\/57694"}],"wp:featuredmedia":[{"embeddable":true,"href":"https:\/\/www.radiosanctispiritus.cu\/es\/wp-json\/wp\/v2\/media\/57693"}],"wp:attachment":[{"href":"https:\/\/www.radiosanctispiritus.cu\/es\/wp-json\/wp\/v2\/media?parent=57692"}],"wp:term":[{"taxonomy":"category","embeddable":true,"href":"https:\/\/www.radiosanctispiritus.cu\/es\/wp-json\/wp\/v2\/categories?post=57692"},{"taxonomy":"post_tag","embeddable":true,"href":"https:\/\/www.radiosanctispiritus.cu\/es\/wp-json\/wp\/v2\/tags?post=57692"},{"taxonomy":"author","embeddable":true,"href":"https:\/\/www.radiosanctispiritus.cu\/es\/wp-json\/wp\/v2\/coauthors?post=57692"}],"curies":[{"name":"wp","href":"https:\/\/api.w.org\/{rel}","templated":true}]}}