{"id":57690,"date":"2025-11-13T22:33:36","date_gmt":"2025-11-14T03:33:36","guid":{"rendered":"https:\/\/www.radiosanctispiritus.cu\/es\/?p=57690"},"modified":"2025-11-13T22:33:36","modified_gmt":"2025-11-14T03:33:36","slug":"acoge-yaguajay-celebracion-del-aniversario-329-del-comando-de-bomberos","status":"publish","type":"post","link":"https:\/\/www.radiosanctispiritus.cu\/es\/acoge-yaguajay-celebracion-del-aniversario-329-del-comando-de-bomberos\/","title":{"rendered":"Acoge Yaguajay celebraci\u00f3n del aniversario 329 del Comando de Bomberos"},"content":{"rendered":"<p>El Cuerpo de Bomberos de Sancti Sp\u00edritus celebr\u00f3 en el Comando de Yaguajay el aniversario 329 de creado este \u00f3rgano en nuestro pa\u00eds, perteneciente al Ministerio del Interior.<\/p>\n<p>Durante el encuentro, un grupo de los protagonistas de las historias de fuego en nuestra provincia recibieron el reconocimiento por el cumplimiento de sus misiones, en tanto los comandos de Trinidad, Jatibonico y el de este norte\u00f1o municipio tambi\u00e9n fueron estimulados por los resultados en su faena en el presente a\u00f1o.<\/p>\n<p>El Cuerpo de Bomberos de Sancti Sp\u00edritus llega a este nuevo aniversario con un trabajo preventivo sostenido que logr\u00f3 disminuir los hechos de incendio en objetivos econ\u00f3micos, aspecto reconocido a nivel de pa\u00eds. Meritoria resulta asimismo la capacitaci\u00f3n a los bomberos voluntarios y la labor con los asociados y los c\u00edrculos de inter\u00e9s, mientras el coeficiente de disponibilidad t\u00e9cnica se mantiene al 95 por ciento.<\/p>\n<p>Al dirigirse a los presentes, la primer coronel Dorisbel Mart\u00edn Ojeda, jefa provincial del Ministerio del Interior en Sancti Sp\u00edritus, dijo que la actividad se efect\u00faa en Yaguajay por la consagraci\u00f3n del comando de este municipio, que adem\u00e1s enfrent\u00f3 el 31 de agosto uno de los eventos m\u00e1s peligrosos y con una de las t\u00e9cnicas de transporte m\u00e1s antiguas, todo gracias a la pericia y a la valent\u00eda de estos hombres contra el fuego.<\/p>\n<p><iframe src=\"https:\/\/www.ivoox.com\/player_ej_162619067_6_1.html?c1=7a0d0b\" width=\"100%\" height=\"200\" frameborder=\"0\" scrolling=\"no\" allowfullscreen=\"allowfullscreen\"><\/iframe><\/p>\n","protected":false},"excerpt":{"rendered":"<p>El Cuerpo de Bomberos de Sancti Sp\u00edritus celebr\u00f3 en el Comando de Yaguajay el aniversario 329 de creado este \u00f3rgano en nuestro pa\u00eds, perteneciente al Ministerio del Interior.<\/p>\n","protected":false},"author":165,"featured_media":17120,"comment_status":"open","ping_status":"open","sticky":false,"template":"","format":"standard","meta":{"_acf_changed":false,"footnotes":""},"categories":[8,9,1],"tags":[136,147,213,591,106],"coauthors":[1881],"class_list":["post-57690","post","type-post","status-publish","format-standard","has-post-thumbnail","hentry","category-noticia","category-en-audio","category-sancti-spiritus","tag-bomberos","tag-cuerpo-de-bomberos-de-cuba","tag-minint","tag-ministerio-del-interior","tag-yaguajay"],"acf":[],"_links":{"self":[{"href":"https:\/\/www.radiosanctispiritus.cu\/es\/wp-json\/wp\/v2\/posts\/57690","targetHints":{"allow":["GET"]}}],"collection":[{"href":"https:\/\/www.radiosanctispiritus.cu\/es\/wp-json\/wp\/v2\/posts"}],"about":[{"href":"https:\/\/www.radiosanctispiritus.cu\/es\/wp-json\/wp\/v2\/types\/post"}],"author":[{"embeddable":true,"href":"https:\/\/www.radiosanctispiritus.cu\/es\/wp-json\/wp\/v2\/users\/165"}],"replies":[{"embeddable":true,"href":"https:\/\/www.radiosanctispiritus.cu\/es\/wp-json\/wp\/v2\/comments?post=57690"}],"version-history":[{"count":1,"href":"https:\/\/www.radiosanctispiritus.cu\/es\/wp-json\/wp\/v2\/posts\/57690\/revisions"}],"predecessor-version":[{"id":57691,"href":"https:\/\/www.radiosanctispiritus.cu\/es\/wp-json\/wp\/v2\/posts\/57690\/revisions\/57691"}],"wp:featuredmedia":[{"embeddable":true,"href":"https:\/\/www.radiosanctispiritus.cu\/es\/wp-json\/wp\/v2\/media\/17120"}],"wp:attachment":[{"href":"https:\/\/www.radiosanctispiritus.cu\/es\/wp-json\/wp\/v2\/media?parent=57690"}],"wp:term":[{"taxonomy":"category","embeddable":true,"href":"https:\/\/www.radiosanctispiritus.cu\/es\/wp-json\/wp\/v2\/categories?post=57690"},{"taxonomy":"post_tag","embeddable":true,"href":"https:\/\/www.radiosanctispiritus.cu\/es\/wp-json\/wp\/v2\/tags?post=57690"},{"taxonomy":"author","embeddable":true,"href":"https:\/\/www.radiosanctispiritus.cu\/es\/wp-json\/wp\/v2\/coauthors?post=57690"}],"curies":[{"name":"wp","href":"https:\/\/api.w.org\/{rel}","templated":true}]}}