{"id":57621,"date":"2025-11-13T06:58:30","date_gmt":"2025-11-13T11:58:30","guid":{"rendered":"https:\/\/www.radiosanctispiritus.cu\/es\/?p=57621"},"modified":"2025-11-13T11:47:23","modified_gmt":"2025-11-13T16:47:23","slug":"ecosistemas-de-montana-en-sancti-spiritus-prosiguen-su-accionar-en-la-proteccion-del-entorno","status":"publish","type":"post","link":"https:\/\/www.radiosanctispiritus.cu\/es\/ecosistemas-de-montana-en-sancti-spiritus-prosiguen-su-accionar-en-la-proteccion-del-entorno\/","title":{"rendered":"Ecosistemas de Monta\u00f1a en Sancti Sp\u00edritus prosiguen su accionar en la protecci\u00f3n del entorno"},"content":{"rendered":"<p>Con el objetivo esencial de mantener la vida en el planeta, especialistas y t\u00e9cnicos de la Direcci\u00f3n de Investigaciones de Ecosistemas de Monta\u00f1a del Centro de Servicios Ambientales de Sancti Sp\u00edritus con sede en Yaguajay, acometen por estos d\u00edas distintas tareas, la mayor\u00eda de conjunto con habitantes de comunidades del norte espirituano.<\/p>\n<p>Seg\u00fan dijo a la radio Dixie Su\u00e1rez al frente de dicha direcci\u00f3n, colegas de Sancti Sp\u00edritus, Ciego de \u00c1vila y Villa Clara, territorios que integran la reserva de la biosfera Buenavista, laboran en la protecci\u00f3n de la biodiversidad, la adaptaci\u00f3n al cambio clim\u00e1tico y la investigaci\u00f3n con la participaci\u00f3n de los lugare\u00f1os.<\/p>\n<p>Dijo adem\u00e1s que recientemente realizaron talleres y conversatorios con residentes en Llanadas Arriba y otros asentamientos del plan Turquino.<\/p>\n<p>Por su parte en la red social de Facebook, Yusmaica Piedra Gonz\u00e1lez, integrante del colectivo ambientalista de este territorio, hizo saber que en el semiinternado Francisco Vales Ram\u00edrez de Mayajigua, trabajaron con el c\u00edrculo de inter\u00e9s detectives naturales por la conservaci\u00f3n del paisaje monta\u00f1oso y con alumnos de la secundaria b\u00e1sica Camilo Cienfuegos de esta cabecera.<\/p>\n<p>Con el prop\u00f3sito expedito de cuidar mejor el planeta, especialistas de Yaguajay de la Direcci\u00f3n de Investigaciones de ecosistemas de monta\u00f1a, perteneciente al Centro de Servicios Ambientales de Sancti Sp\u00edritus, participaron tambi\u00e9n recientemente en eventos internacionales y celebraron junto a coterr\u00e1neos efem\u00e9rides importantes del mes que llaman a preservar el entorno.<\/p>\n<p><iframe src=\"https:\/\/www.ivoox.com\/player_ej_162559778_6_1.html?c1=7a0d0b\" width=\"100%\" height=\"200\" frameborder=\"0\" scrolling=\"no\" allowfullscreen=\"allowfullscreen\"><\/iframe><\/p>\n","protected":false},"excerpt":{"rendered":"<p>Con el prop\u00f3sito expedito de cuidar mejor el planeta, especialistas de Yaguajay de la Direcci\u00f3n de Investigaciones de ecosistemas de monta\u00f1a, perteneciente al Centro de Servicios Ambientales de Sancti Sp\u00edritus, participaron tambi\u00e9n recientemente en eventos internacionales y celebraron junto a coterr\u00e1neos efem\u00e9rides importantes del mes que llaman a preservar el entorno.<\/p>\n","protected":false},"author":165,"featured_media":31751,"comment_status":"open","ping_status":"open","sticky":false,"template":"","format":"standard","meta":{"_acf_changed":false,"footnotes":""},"categories":[8,9,1],"tags":[440,106],"coauthors":[1881],"class_list":["post-57621","post","type-post","status-publish","format-standard","has-post-thumbnail","hentry","category-noticia","category-en-audio","category-sancti-spiritus","tag-medio-ambiente","tag-yaguajay"],"acf":[],"_links":{"self":[{"href":"https:\/\/www.radiosanctispiritus.cu\/es\/wp-json\/wp\/v2\/posts\/57621","targetHints":{"allow":["GET"]}}],"collection":[{"href":"https:\/\/www.radiosanctispiritus.cu\/es\/wp-json\/wp\/v2\/posts"}],"about":[{"href":"https:\/\/www.radiosanctispiritus.cu\/es\/wp-json\/wp\/v2\/types\/post"}],"author":[{"embeddable":true,"href":"https:\/\/www.radiosanctispiritus.cu\/es\/wp-json\/wp\/v2\/users\/165"}],"replies":[{"embeddable":true,"href":"https:\/\/www.radiosanctispiritus.cu\/es\/wp-json\/wp\/v2\/comments?post=57621"}],"version-history":[{"count":3,"href":"https:\/\/www.radiosanctispiritus.cu\/es\/wp-json\/wp\/v2\/posts\/57621\/revisions"}],"predecessor-version":[{"id":57636,"href":"https:\/\/www.radiosanctispiritus.cu\/es\/wp-json\/wp\/v2\/posts\/57621\/revisions\/57636"}],"wp:featuredmedia":[{"embeddable":true,"href":"https:\/\/www.radiosanctispiritus.cu\/es\/wp-json\/wp\/v2\/media\/31751"}],"wp:attachment":[{"href":"https:\/\/www.radiosanctispiritus.cu\/es\/wp-json\/wp\/v2\/media?parent=57621"}],"wp:term":[{"taxonomy":"category","embeddable":true,"href":"https:\/\/www.radiosanctispiritus.cu\/es\/wp-json\/wp\/v2\/categories?post=57621"},{"taxonomy":"post_tag","embeddable":true,"href":"https:\/\/www.radiosanctispiritus.cu\/es\/wp-json\/wp\/v2\/tags?post=57621"},{"taxonomy":"author","embeddable":true,"href":"https:\/\/www.radiosanctispiritus.cu\/es\/wp-json\/wp\/v2\/coauthors?post=57621"}],"curies":[{"name":"wp","href":"https:\/\/api.w.org\/{rel}","templated":true}]}}