{"id":57595,"date":"2025-11-12T23:08:31","date_gmt":"2025-11-13T04:08:31","guid":{"rendered":"https:\/\/www.radiosanctispiritus.cu\/es\/?p=57595"},"modified":"2025-11-13T08:04:29","modified_gmt":"2025-11-13T13:04:29","slug":"cuba-desarrollara-proceso-de-estudio-y-analisis-de-programa-de-gobierno","status":"publish","type":"post","link":"https:\/\/www.radiosanctispiritus.cu\/es\/cuba-desarrollara-proceso-de-estudio-y-analisis-de-programa-de-gobierno\/","title":{"rendered":"Cuba desarrollar\u00e1 proceso de estudio y an\u00e1lisis de Programa de Gobierno"},"content":{"rendered":"<p>Desde este 15 de noviembre y hasta el 30 de diciembre se desarrollar\u00e1 en todo el pa\u00eds el estudio y an\u00e1lisis del Programa de Gobierno para corregir distorsiones y reimpulsar la econom\u00eda, como parte del proceso de construcci\u00f3n colectiva impulsado por la direcci\u00f3n del Partido Comunista de Cuba (PCC).<\/p>\n<p>El documento, seg\u00fan publica este mi\u00e9rcoles en el diario Granma, est\u00e1 disponible en el sitio oficial de la Presidencia de la Rep\u00fablica y constituye el hilo conductor para avanzar en la recuperaci\u00f3n gradual de la econom\u00eda nacional y superar la compleja situaci\u00f3n actual.<\/p>\n<p>De acuerdo al \u00d3rgano Oficial del Comit\u00e9 Central del PCC, el proceso abarcar\u00e1 todas las organizaciones de base del Partido, la Uni\u00f3n de J\u00f3venes Comunistas (UJC), la Central de Trabajadores de Cuba (CTC) y sus sindicatos, la Asociaci\u00f3n Nacional de Agricultores Peque\u00f1os (ANAP) y la Federaci\u00f3n Estudiantil Universitaria (FEU).<\/p>\n<p>Especifica la fuente que en el caso de la Federaci\u00f3n de Mujeres Cubanas (FMC) y los Comit\u00e9s de Defensa de la Revoluci\u00f3n (CDR), el an\u00e1lisis se realizar\u00e1 en estructuras intermedias de direcci\u00f3n y en reuniones del Secretariado con dirigentes de base a nivel de bloque y zona.<\/p>\n<p>La nota agrega que tambi\u00e9n se prev\u00e9 su discusi\u00f3n en las Asambleas Municipales del Poder Popular y en los consejos de direcci\u00f3n de entidades de subordinaci\u00f3n nacional, provincial y municipal.<\/p>\n<p>De acuerdo al texto, durante un seminario de preparaci\u00f3n por videoconferencia, participaron cuadros de las provincias no impactadas por el hurac\u00e1n Melissa, en funci\u00f3n de garantizar la calidad del proceso, iniciativa que responde a la voluntad pol\u00edtica de someter el Programa a debate popular, expresi\u00f3n de democracia participativa y compromiso ciudadano con el desarrollo econ\u00f3mico del pa\u00eds.<\/p>\n<p>La publicaci\u00f3n cita al cierre al General de Ej\u00e9rcito Ra\u00fal Castro Ruz cuando expres\u00f3: \u201cVamos a salir de estas dificultades, como lo hemos hecho siempre, \u00a1combatiendo!\u201d<\/p>\n","protected":false},"excerpt":{"rendered":"<p>Desde este 15 de noviembre y hasta el 30 de diciembre se desarrollar\u00e1 en todo el pa\u00eds el estudio y an\u00e1lisis del Programa de Gobierno para corregir distorsiones y reimpulsar la econom\u00eda, como parte del proceso de construcci\u00f3n colectiva impulsado por la direcci\u00f3n del Partido Comunista de Cuba.<\/p>\n","protected":false},"author":123,"featured_media":57596,"comment_status":"open","ping_status":"open","sticky":false,"template":"","format":"standard","meta":{"_acf_changed":false,"footnotes":""},"categories":[8,3],"tags":[1223,964,74,2103],"coauthors":[1895],"class_list":["post-57595","post","type-post","status-publish","format-standard","has-post-thumbnail","hentry","category-noticia","category-cuba","tag-distorsiones","tag-economia-cubana","tag-partido-comunista-de-cuba","tag-programa-de-gobierno"],"acf":[],"_links":{"self":[{"href":"https:\/\/www.radiosanctispiritus.cu\/es\/wp-json\/wp\/v2\/posts\/57595","targetHints":{"allow":["GET"]}}],"collection":[{"href":"https:\/\/www.radiosanctispiritus.cu\/es\/wp-json\/wp\/v2\/posts"}],"about":[{"href":"https:\/\/www.radiosanctispiritus.cu\/es\/wp-json\/wp\/v2\/types\/post"}],"author":[{"embeddable":true,"href":"https:\/\/www.radiosanctispiritus.cu\/es\/wp-json\/wp\/v2\/users\/123"}],"replies":[{"embeddable":true,"href":"https:\/\/www.radiosanctispiritus.cu\/es\/wp-json\/wp\/v2\/comments?post=57595"}],"version-history":[{"count":2,"href":"https:\/\/www.radiosanctispiritus.cu\/es\/wp-json\/wp\/v2\/posts\/57595\/revisions"}],"predecessor-version":[{"id":57614,"href":"https:\/\/www.radiosanctispiritus.cu\/es\/wp-json\/wp\/v2\/posts\/57595\/revisions\/57614"}],"wp:featuredmedia":[{"embeddable":true,"href":"https:\/\/www.radiosanctispiritus.cu\/es\/wp-json\/wp\/v2\/media\/57596"}],"wp:attachment":[{"href":"https:\/\/www.radiosanctispiritus.cu\/es\/wp-json\/wp\/v2\/media?parent=57595"}],"wp:term":[{"taxonomy":"category","embeddable":true,"href":"https:\/\/www.radiosanctispiritus.cu\/es\/wp-json\/wp\/v2\/categories?post=57595"},{"taxonomy":"post_tag","embeddable":true,"href":"https:\/\/www.radiosanctispiritus.cu\/es\/wp-json\/wp\/v2\/tags?post=57595"},{"taxonomy":"author","embeddable":true,"href":"https:\/\/www.radiosanctispiritus.cu\/es\/wp-json\/wp\/v2\/coauthors?post=57595"}],"curies":[{"name":"wp","href":"https:\/\/api.w.org\/{rel}","templated":true}]}}