{"id":57592,"date":"2025-11-12T22:58:43","date_gmt":"2025-11-13T03:58:43","guid":{"rendered":"https:\/\/www.radiosanctispiritus.cu\/es\/?p=57592"},"modified":"2025-11-12T22:59:24","modified_gmt":"2025-11-13T03:59:24","slug":"cuba-prosigue-lucha-contra-las-arbovirosis","status":"publish","type":"post","link":"https:\/\/www.radiosanctispiritus.cu\/es\/cuba-prosigue-lucha-contra-las-arbovirosis\/","title":{"rendered":"Cuba prosigue lucha contra las arbovirosis"},"content":{"rendered":"<p>Directivos del Ministerio de Salud P\u00fablica y expertos abordaron este mi\u00e9rcoles en el espacio radio-televisivo Mesa Redonda la compleja situaci\u00f3n epidemiol\u00f3gica del pa\u00eds y la estrategia para enfrentarla.<\/p>\n<p>El Doctor en Ciencias Francisco Dur\u00e1n Garc\u00eda, director nacional de Epidemiolog\u00eda, subray\u00f3 que la participaci\u00f3n de la poblaci\u00f3n es fundamental en la lucha contra las arbovirosis para lograr el ordenamiento del medio y evitar la proliferaci\u00f3n de los vectores, \u00abse est\u00e1n realizando acciones de saneamiento, pero nos queda un amplio camino por recorrer\u00bb, afirm\u00f3.<\/p>\n<p>Aconsej\u00f3 que aquellas personas que est\u00e1n enfermas acudan al m\u00e9dico, porque no todos los pacientes pueden ser tratados de igual manera, y a los que no han enfermado les recomend\u00f3 cuidarse, evitar estar en lugares infectados de mosquitos y usar ropa que los proteja de alg\u00fan modo contra los vectores y precis\u00f3 que hay un incremento de casos febriles en el pa\u00eds que no todos son chikungu\u00f1a, tambi\u00e9n hay dengue, que puede tener una evoluci\u00f3n cl\u00ednica m\u00e1s compleja.<\/p>\n<p>La doctora Yagen Pomares P\u00e9rez, directora de Atenci\u00f3n Primaria de Salud, destac\u00f3 que es muy importante que todo paciente con s\u00edndrome febril est\u00e9 ingresado, en instituciones de salud si as\u00ed lo requiere, pero tambi\u00e9n de manera domiciliaria.<\/p>\n<p>En este sentido precis\u00f3 la importancia de la disciplina de aquellos que est\u00e1n en sus hogares, pues deben hacer reposo y mantenerse aislados para evitar el contagio. Esos pacientes deben tener seguimiento por los m\u00e9dicos y enfermeras de la familia y al identificar cualquier signo de alarma pasar al segundo nivel de atenci\u00f3n.<\/p>\n<p>Dijo que el pa\u00eds cuenta con unas cuatro mil camas para los casos de arbovirosis y argument\u00f3 que los ni\u00f1os y las embarazadas deben ingresar en centros asistenciales, as\u00ed como tambi\u00e9n hay una mirada hacia los adultos mayores, aquellos que viven solos o quienes poseen enfermedades de base.<\/p>\n<p>Por su parte, el doctor Daniel Gonz\u00e1lez Rubio, Infect\u00f3logo del IPK, describi\u00f3 los distintos momentos de la enfermedad, y precis\u00f3 que aproximadamente luego de una semana de la picadura del insecto aparecen los s\u00edntomas y evoluciona por fases que pueden durar semanas, incluso meses.<\/p>\n<p>Precis\u00f3 que no hay un alimento, ni un medicamento m\u00e1gico, cada paciente debe seguir las indicaciones del m\u00e9dico ante las diversas manifestaciones del virus.<\/p>\n<p>En la mesa redonda tambi\u00e9n se abord\u00f3 la situaci\u00f3n limitada con la fumigaci\u00f3n, pero insistieron en que el entorno saludable puede lograrse con la colaboraci\u00f3n de toda la poblaci\u00f3n, siendo cuidadosos dentro de las viviendas tapando los recipientes con agua y tambi\u00e9n en los entornos como jardines y patios.<\/p>\n","protected":false},"excerpt":{"rendered":"<p>Directivos del Ministerio de Salud P\u00fablica y expertos abordaron este mi\u00e9rcoles en el espacio radio-televisivo Mesa Redonda la compleja situaci\u00f3n epidemiol\u00f3gica del pa\u00eds y la estrategia para enfrentarla.\u00a0<\/p>\n","protected":false},"author":123,"featured_media":57593,"comment_status":"open","ping_status":"open","sticky":false,"template":"","format":"standard","meta":{"_acf_changed":false,"footnotes":""},"categories":[8,3,5],"tags":[2034,943,1812],"coauthors":[1895],"class_list":["post-57592","post","type-post","status-publish","format-standard","has-post-thumbnail","hentry","category-noticia","category-cuba","category-salud","tag-arbovirosis","tag-higiene","tag-salud-cubana"],"acf":[],"_links":{"self":[{"href":"https:\/\/www.radiosanctispiritus.cu\/es\/wp-json\/wp\/v2\/posts\/57592","targetHints":{"allow":["GET"]}}],"collection":[{"href":"https:\/\/www.radiosanctispiritus.cu\/es\/wp-json\/wp\/v2\/posts"}],"about":[{"href":"https:\/\/www.radiosanctispiritus.cu\/es\/wp-json\/wp\/v2\/types\/post"}],"author":[{"embeddable":true,"href":"https:\/\/www.radiosanctispiritus.cu\/es\/wp-json\/wp\/v2\/users\/123"}],"replies":[{"embeddable":true,"href":"https:\/\/www.radiosanctispiritus.cu\/es\/wp-json\/wp\/v2\/comments?post=57592"}],"version-history":[{"count":1,"href":"https:\/\/www.radiosanctispiritus.cu\/es\/wp-json\/wp\/v2\/posts\/57592\/revisions"}],"predecessor-version":[{"id":57594,"href":"https:\/\/www.radiosanctispiritus.cu\/es\/wp-json\/wp\/v2\/posts\/57592\/revisions\/57594"}],"wp:featuredmedia":[{"embeddable":true,"href":"https:\/\/www.radiosanctispiritus.cu\/es\/wp-json\/wp\/v2\/media\/57593"}],"wp:attachment":[{"href":"https:\/\/www.radiosanctispiritus.cu\/es\/wp-json\/wp\/v2\/media?parent=57592"}],"wp:term":[{"taxonomy":"category","embeddable":true,"href":"https:\/\/www.radiosanctispiritus.cu\/es\/wp-json\/wp\/v2\/categories?post=57592"},{"taxonomy":"post_tag","embeddable":true,"href":"https:\/\/www.radiosanctispiritus.cu\/es\/wp-json\/wp\/v2\/tags?post=57592"},{"taxonomy":"author","embeddable":true,"href":"https:\/\/www.radiosanctispiritus.cu\/es\/wp-json\/wp\/v2\/coauthors?post=57592"}],"curies":[{"name":"wp","href":"https:\/\/api.w.org\/{rel}","templated":true}]}}