{"id":57551,"date":"2025-11-12T07:24:59","date_gmt":"2025-11-12T12:24:59","guid":{"rendered":"https:\/\/www.radiosanctispiritus.cu\/es\/?p=57551"},"modified":"2025-11-12T07:24:59","modified_gmt":"2025-11-12T12:24:59","slug":"cadena-islazul-sancti-spiritus-lista-para-temporada-alta-del-turismo","status":"publish","type":"post","link":"https:\/\/www.radiosanctispiritus.cu\/es\/cadena-islazul-sancti-spiritus-lista-para-temporada-alta-del-turismo\/","title":{"rendered":"Cadena Islazul Sancti Sp\u00edritus lista para temporada alta del turismo"},"content":{"rendered":"<p>El grupo hotelero Islazul en Sancti Sp\u00edritus se prepara para la temporada alta del turismo, que comenzar\u00e1 el 15 de noviembre, con el objetivo de incrementar la llegada de visitantes nacionales y extranjeros y reforzar sus operaciones. <\/p>\n<p>Seg\u00fan Pablo William Osorio Cintra, director de la sucursal provincial, todas las instalaciones en Yaguajay, Trinidad y Sancti Sp\u00edritus ya est\u00e1n acondicionadas para la etapa invernal 2025-2026, con el prop\u00f3sito de ofrecer un servicio personalizado y de calidad a sus hu\u00e9spedes.<\/p>\n<p><iframe src=\"https:\/\/www.ivoox.com\/player_ej_162454151_6_1.html?c1=7a0d0b\" width=\"100%\" height=\"200\" frameborder=\"0\" allowfullscreen=\"\" scrolling=\"no\" loading=\"lazy\"><\/iframe><\/p>\n","protected":false},"excerpt":{"rendered":"<p>El grupo hotelero Islazul en Sancti Sp\u00edritus se prepara para la temporada alta del turismo, que comenzar\u00e1 el 15 de noviembre, con el objetivo de incrementar la llegada de visitantes nacionales y extranjeros y reforzar sus operaciones. <\/p>\n","protected":false},"author":166,"featured_media":35582,"comment_status":"open","ping_status":"open","sticky":false,"template":"","format":"standard","meta":{"_acf_changed":false,"footnotes":""},"categories":[8,9,1,1170],"tags":[570,23],"coauthors":[1901],"class_list":["post-57551","post","type-post","status-publish","format-standard","has-post-thumbnail","hentry","category-noticia","category-en-audio","category-sancti-spiritus","category-turismo","tag-islazul","tag-turismo"],"acf":[],"_links":{"self":[{"href":"https:\/\/www.radiosanctispiritus.cu\/es\/wp-json\/wp\/v2\/posts\/57551","targetHints":{"allow":["GET"]}}],"collection":[{"href":"https:\/\/www.radiosanctispiritus.cu\/es\/wp-json\/wp\/v2\/posts"}],"about":[{"href":"https:\/\/www.radiosanctispiritus.cu\/es\/wp-json\/wp\/v2\/types\/post"}],"author":[{"embeddable":true,"href":"https:\/\/www.radiosanctispiritus.cu\/es\/wp-json\/wp\/v2\/users\/166"}],"replies":[{"embeddable":true,"href":"https:\/\/www.radiosanctispiritus.cu\/es\/wp-json\/wp\/v2\/comments?post=57551"}],"version-history":[{"count":2,"href":"https:\/\/www.radiosanctispiritus.cu\/es\/wp-json\/wp\/v2\/posts\/57551\/revisions"}],"predecessor-version":[{"id":57553,"href":"https:\/\/www.radiosanctispiritus.cu\/es\/wp-json\/wp\/v2\/posts\/57551\/revisions\/57553"}],"wp:featuredmedia":[{"embeddable":true,"href":"https:\/\/www.radiosanctispiritus.cu\/es\/wp-json\/wp\/v2\/media\/35582"}],"wp:attachment":[{"href":"https:\/\/www.radiosanctispiritus.cu\/es\/wp-json\/wp\/v2\/media?parent=57551"}],"wp:term":[{"taxonomy":"category","embeddable":true,"href":"https:\/\/www.radiosanctispiritus.cu\/es\/wp-json\/wp\/v2\/categories?post=57551"},{"taxonomy":"post_tag","embeddable":true,"href":"https:\/\/www.radiosanctispiritus.cu\/es\/wp-json\/wp\/v2\/tags?post=57551"},{"taxonomy":"author","embeddable":true,"href":"https:\/\/www.radiosanctispiritus.cu\/es\/wp-json\/wp\/v2\/coauthors?post=57551"}],"curies":[{"name":"wp","href":"https:\/\/api.w.org\/{rel}","templated":true}]}}