{"id":57548,"date":"2025-11-12T06:56:56","date_gmt":"2025-11-12T11:56:56","guid":{"rendered":"https:\/\/www.radiosanctispiritus.cu\/es\/?p=57548"},"modified":"2025-11-12T07:20:24","modified_gmt":"2025-11-12T12:20:24","slug":"azucareros-de-tuinucu-batallan-fuerte-en-la-zafra-oriental-de-la-recuperacion","status":"publish","type":"post","link":"https:\/\/www.radiosanctispiritus.cu\/es\/azucareros-de-tuinucu-batallan-fuerte-en-la-zafra-oriental-de-la-recuperacion\/","title":{"rendered":"Azucareros de Tuinuc\u00fa batallan fuerte en la zafra oriental de la recuperaci\u00f3n"},"content":{"rendered":"<p>Azucareros de la empresa Melanio Hern\u00e1ndez, de Tuinuc\u00fa, participan en intensas jornadas de limpieza e higienizaci\u00f3n en Santiago de Cuba, una de las zonas m\u00e1s afectadas por el paso del hurac\u00e1n Melissa. Al frente de la comitiva, Emilio Copar Serrano explic\u00f3 que los equipos trabajan \u201cde sol a sol\u201d con maquinaria y camiones para recoger escombros y desechos dejados por el cicl\u00f3n. <\/p>\n<p>Seg\u00fan indicaron, permanecer\u00e1n en la regi\u00f3n oriental el tiempo que sea necesario. \u201cEl clima no tiene que ver con nuestra regi\u00f3n. Aqu\u00ed s\u00ed es de tierra caliente\u201d, dijo Copar Serrano, y ante la pregunta de cu\u00e1nto tiempo se quedar\u00e1n, respondi\u00f3 con firmeza: \u201cHasta que haga falta estaremos\u201d.<\/p>\n<p><iframe src=\"https:\/\/www.ivoox.com\/player_ej_162473142_6_1.html?c1=7a0d0b\" width=\"100%\" height=\"200\" frameborder=\"0\" allowfullscreen=\"\" scrolling=\"no\" loading=\"lazy\"><\/iframe><\/p>\n","protected":false},"excerpt":{"rendered":"<p>Azucareros de la empresa Melanio Hern\u00e1ndez, de Tuinuc\u00fa, participan en intensas jornadas de limpieza e higienizaci\u00f3n en Santiago de Cuba, una de las zonas m\u00e1s afectadas por el paso del hurac\u00e1n Melissa<\/p>\n","protected":false},"author":14,"featured_media":22066,"comment_status":"open","ping_status":"open","sticky":false,"template":"","format":"standard","meta":{"_acf_changed":false,"footnotes":""},"categories":[8,3,9,1],"tags":[142,424,2089],"coauthors":[1915],"class_list":["post-57548","post","type-post","status-publish","format-standard","has-post-thumbnail","hentry","category-noticia","category-cuba","category-en-audio","category-sancti-spiritus","tag-apoyo-solidario","tag-central-melanio-hernandez","tag-melissa"],"acf":[],"_links":{"self":[{"href":"https:\/\/www.radiosanctispiritus.cu\/es\/wp-json\/wp\/v2\/posts\/57548","targetHints":{"allow":["GET"]}}],"collection":[{"href":"https:\/\/www.radiosanctispiritus.cu\/es\/wp-json\/wp\/v2\/posts"}],"about":[{"href":"https:\/\/www.radiosanctispiritus.cu\/es\/wp-json\/wp\/v2\/types\/post"}],"author":[{"embeddable":true,"href":"https:\/\/www.radiosanctispiritus.cu\/es\/wp-json\/wp\/v2\/users\/14"}],"replies":[{"embeddable":true,"href":"https:\/\/www.radiosanctispiritus.cu\/es\/wp-json\/wp\/v2\/comments?post=57548"}],"version-history":[{"count":2,"href":"https:\/\/www.radiosanctispiritus.cu\/es\/wp-json\/wp\/v2\/posts\/57548\/revisions"}],"predecessor-version":[{"id":57550,"href":"https:\/\/www.radiosanctispiritus.cu\/es\/wp-json\/wp\/v2\/posts\/57548\/revisions\/57550"}],"wp:featuredmedia":[{"embeddable":true,"href":"https:\/\/www.radiosanctispiritus.cu\/es\/wp-json\/wp\/v2\/media\/22066"}],"wp:attachment":[{"href":"https:\/\/www.radiosanctispiritus.cu\/es\/wp-json\/wp\/v2\/media?parent=57548"}],"wp:term":[{"taxonomy":"category","embeddable":true,"href":"https:\/\/www.radiosanctispiritus.cu\/es\/wp-json\/wp\/v2\/categories?post=57548"},{"taxonomy":"post_tag","embeddable":true,"href":"https:\/\/www.radiosanctispiritus.cu\/es\/wp-json\/wp\/v2\/tags?post=57548"},{"taxonomy":"author","embeddable":true,"href":"https:\/\/www.radiosanctispiritus.cu\/es\/wp-json\/wp\/v2\/coauthors?post=57548"}],"curies":[{"name":"wp","href":"https:\/\/api.w.org\/{rel}","templated":true}]}}