{"id":57468,"date":"2025-11-11T07:00:10","date_gmt":"2025-11-11T12:00:10","guid":{"rendered":"https:\/\/www.radiosanctispiritus.cu\/es\/?p=57468"},"modified":"2025-11-11T07:38:45","modified_gmt":"2025-11-11T12:38:45","slug":"refuerza-sancti-spiritus-acciones-de-control-ante-aumento-de-arbovirosis","status":"publish","type":"post","link":"https:\/\/www.radiosanctispiritus.cu\/es\/refuerza-sancti-spiritus-acciones-de-control-ante-aumento-de-arbovirosis\/","title":{"rendered":"Refuerza Sancti Sp\u00edritus acciones de control ante aumento de arbovirosis"},"content":{"rendered":"<p>La provincia de Sancti Sp\u00edritus refuerza hoy acciones de prevenci\u00f3n y control sanitario con una campa\u00f1a intensiva de fumigaci\u00f3n en sus municipios como respuesta a un escenario epidemiol\u00f3gico marcado por el incremento de enfermedades transmitidas por vectores, especialmente el dengue y el chikungunya.<\/p>\n<p>Seg\u00fan explic\u00f3 Yuri\u00e9n Negr\u00edn Calvo, subdirectora del Centro Provincial de Higiene, estas acciones forman parte del compromiso del Sistema de Salud para proteger a la poblaci\u00f3n y contener la circulaci\u00f3n de arbovirosis en el territorio.<\/p>\n<p><iframe src=\"https:\/\/www.ivoox.com\/player_ej_162379970_6_1.html?c1=7a0d0b\" width=\"100%\" height=\"200\" frameborder=\"0\" allowfullscreen=\"\" scrolling=\"no\" loading=\"lazy\"><\/iframe><\/p>\n","protected":false},"excerpt":{"rendered":"<p>La provincia de Sancti Sp\u00edritus refuerza hoy acciones de prevenci\u00f3n y control sanitario con una campa\u00f1a intensiva de fumigaci\u00f3n en sus municipios como respuesta a un escenario epidemiol\u00f3gico marcado por el incremento de enfermedades transmitidas por vectores, especialmente el dengue y el chikungunya.<\/p>\n","protected":false},"author":29,"featured_media":57346,"comment_status":"open","ping_status":"open","sticky":false,"template":"","format":"standard","meta":{"_acf_changed":false,"footnotes":""},"categories":[8,9,1],"tags":[2034,82,1524],"coauthors":[1856],"class_list":["post-57468","post","type-post","status-publish","format-standard","has-post-thumbnail","hentry","category-noticia","category-en-audio","category-sancti-spiritus","tag-arbovirosis","tag-dengue","tag-instituciones-sanitarias"],"acf":[],"_links":{"self":[{"href":"https:\/\/www.radiosanctispiritus.cu\/es\/wp-json\/wp\/v2\/posts\/57468","targetHints":{"allow":["GET"]}}],"collection":[{"href":"https:\/\/www.radiosanctispiritus.cu\/es\/wp-json\/wp\/v2\/posts"}],"about":[{"href":"https:\/\/www.radiosanctispiritus.cu\/es\/wp-json\/wp\/v2\/types\/post"}],"author":[{"embeddable":true,"href":"https:\/\/www.radiosanctispiritus.cu\/es\/wp-json\/wp\/v2\/users\/29"}],"replies":[{"embeddable":true,"href":"https:\/\/www.radiosanctispiritus.cu\/es\/wp-json\/wp\/v2\/comments?post=57468"}],"version-history":[{"count":2,"href":"https:\/\/www.radiosanctispiritus.cu\/es\/wp-json\/wp\/v2\/posts\/57468\/revisions"}],"predecessor-version":[{"id":57470,"href":"https:\/\/www.radiosanctispiritus.cu\/es\/wp-json\/wp\/v2\/posts\/57468\/revisions\/57470"}],"wp:featuredmedia":[{"embeddable":true,"href":"https:\/\/www.radiosanctispiritus.cu\/es\/wp-json\/wp\/v2\/media\/57346"}],"wp:attachment":[{"href":"https:\/\/www.radiosanctispiritus.cu\/es\/wp-json\/wp\/v2\/media?parent=57468"}],"wp:term":[{"taxonomy":"category","embeddable":true,"href":"https:\/\/www.radiosanctispiritus.cu\/es\/wp-json\/wp\/v2\/categories?post=57468"},{"taxonomy":"post_tag","embeddable":true,"href":"https:\/\/www.radiosanctispiritus.cu\/es\/wp-json\/wp\/v2\/tags?post=57468"},{"taxonomy":"author","embeddable":true,"href":"https:\/\/www.radiosanctispiritus.cu\/es\/wp-json\/wp\/v2\/coauthors?post=57468"}],"curies":[{"name":"wp","href":"https:\/\/api.w.org\/{rel}","templated":true}]}}