{"id":57463,"date":"2025-11-10T19:04:39","date_gmt":"2025-11-11T00:04:39","guid":{"rendered":"https:\/\/www.radiosanctispiritus.cu\/es\/?p=57463"},"modified":"2025-11-10T19:04:39","modified_gmt":"2025-11-11T00:04:39","slug":"diaz-canel-recibe-a-ministro-de-estado-de-asuntos-exteriores-y-textiles-de-la-india","status":"publish","type":"post","link":"https:\/\/www.radiosanctispiritus.cu\/es\/diaz-canel-recibe-a-ministro-de-estado-de-asuntos-exteriores-y-textiles-de-la-india\/","title":{"rendered":"D\u00edaz-Canel recibe a ministro de Estado de Asuntos Exteriores y Textiles de la India"},"content":{"rendered":"<p>El primer secretario del Comit\u00e9 Central del PCC y presidente de Cuba, Miguel D\u00edaz-Canel Berm\u00fadez, recibi\u00f3 este lunes en el Palacio de la Revoluci\u00f3n a Pabitra Margherita, ministro de Estado de Asuntos Exteriores y Textiles de la Rep\u00fablica de la India.<\/p>\n<p>El Jefe de Estado agradeci\u00f3 el permanente apoyo y solidaridad de esa hermana naci\u00f3n. Durante el encuentro, realiz\u00f3 un recuento de las hist\u00f3ricas relaciones que han unido a ambos pueblos, las cuales cumplen en este 2025 su aniversario 65. Igualmente agradeci\u00f3 el apoyo de la India en la lucha contra el bloqueo, y tambi\u00e9n en sectores como la energ\u00eda y los alimentos.<\/p>\n<p>Adem\u00e1s, se refiri\u00f3 a la posici\u00f3n y el liderazgo de la India para que Cuba formara parte de los BRICS, como pa\u00eds socio. El mandatario cubano agradeci\u00f3 esta visita, en tiempos tan complejos para la Isla.<\/p>\n<p>Por su parte, el Ministro de Estado de Asuntos Exteriores de la India habl\u00f3 de la fuerte relaci\u00f3n que une a su pa\u00eds con Cuba, asegurando que est\u00e1n \u201csiempre juntos en tiempos de necesidad\u201d. Sobre la ayuda brindada ante el paso del hurac\u00e1n Melissa, afirm\u00f3 que era un deber con una naci\u00f3n hermana.<\/p>\n<p>Dijo que hay que estar con los amigos en tiempos dif\u00edciles. Es una forma, agreg\u00f3, de mostrar el respeto hacia Cuba y hacia su pueblo.<\/p>\n<p>Cabe destacar que, en d\u00edas recientes, India don\u00f3 un hospital m\u00f3vil con capacidad para atender a 300 personas, con equipos, medicamentos, alimentos, material gastable y generador de electricidad, el cual ser\u00e1 ubicado en el municipio R\u00edo Cauto, en Granma, una de las provincias m\u00e1s da\u00f1adas.<\/p>\n","protected":false},"excerpt":{"rendered":"<p>El primer secretario del Comit\u00e9 Central del PCC y presidente de Cuba, Miguel D\u00edaz-Canel Berm\u00fadez, recibi\u00f3 este lunes en el Palacio de la Revoluci\u00f3n a Pabitra Margherita, ministro de Estado de Asuntos Exteriores y Textiles de la Rep\u00fablica de la India.<\/p>\n","protected":false},"author":26,"featured_media":57464,"comment_status":"open","ping_status":"open","sticky":false,"template":"","format":"standard","meta":{"_acf_changed":false,"footnotes":""},"categories":[8,3,4],"tags":[618,28],"coauthors":[1887],"class_list":["post-57463","post","type-post","status-publish","format-standard","has-post-thumbnail","hentry","category-noticia","category-cuba","category-internacionales","tag-cuba-india","tag-miguel-diaz-canel"],"acf":[],"_links":{"self":[{"href":"https:\/\/www.radiosanctispiritus.cu\/es\/wp-json\/wp\/v2\/posts\/57463","targetHints":{"allow":["GET"]}}],"collection":[{"href":"https:\/\/www.radiosanctispiritus.cu\/es\/wp-json\/wp\/v2\/posts"}],"about":[{"href":"https:\/\/www.radiosanctispiritus.cu\/es\/wp-json\/wp\/v2\/types\/post"}],"author":[{"embeddable":true,"href":"https:\/\/www.radiosanctispiritus.cu\/es\/wp-json\/wp\/v2\/users\/26"}],"replies":[{"embeddable":true,"href":"https:\/\/www.radiosanctispiritus.cu\/es\/wp-json\/wp\/v2\/comments?post=57463"}],"version-history":[{"count":1,"href":"https:\/\/www.radiosanctispiritus.cu\/es\/wp-json\/wp\/v2\/posts\/57463\/revisions"}],"predecessor-version":[{"id":57465,"href":"https:\/\/www.radiosanctispiritus.cu\/es\/wp-json\/wp\/v2\/posts\/57463\/revisions\/57465"}],"wp:featuredmedia":[{"embeddable":true,"href":"https:\/\/www.radiosanctispiritus.cu\/es\/wp-json\/wp\/v2\/media\/57464"}],"wp:attachment":[{"href":"https:\/\/www.radiosanctispiritus.cu\/es\/wp-json\/wp\/v2\/media?parent=57463"}],"wp:term":[{"taxonomy":"category","embeddable":true,"href":"https:\/\/www.radiosanctispiritus.cu\/es\/wp-json\/wp\/v2\/categories?post=57463"},{"taxonomy":"post_tag","embeddable":true,"href":"https:\/\/www.radiosanctispiritus.cu\/es\/wp-json\/wp\/v2\/tags?post=57463"},{"taxonomy":"author","embeddable":true,"href":"https:\/\/www.radiosanctispiritus.cu\/es\/wp-json\/wp\/v2\/coauthors?post=57463"}],"curies":[{"name":"wp","href":"https:\/\/api.w.org\/{rel}","templated":true}]}}