{"id":57401,"date":"2025-11-09T06:27:49","date_gmt":"2025-11-09T11:27:49","guid":{"rendered":"https:\/\/www.radiosanctispiritus.cu\/es\/?p=57401"},"modified":"2025-11-09T06:27:49","modified_gmt":"2025-11-09T11:27:49","slug":"condecora-presidente-de-angola-a-fidel-y-raul-por-su-legado-internacionalista","status":"publish","type":"post","link":"https:\/\/www.radiosanctispiritus.cu\/es\/condecora-presidente-de-angola-a-fidel-y-raul-por-su-legado-internacionalista\/","title":{"rendered":"Condecora presidente de Angola a Fidel y Ra\u00fal por su legado internacionalista"},"content":{"rendered":"<p>En ceremonia encabezada por el presidente de Angola Jo\u00e3o Manuel Gon\u00e7alves Louren\u00e7o, fueron entregadas medallas de la clase \u201cHonor\u201d, m\u00e1xima distinci\u00f3n, al Comandante en Jefe Fidel Castro Ruz y al General de Ej\u00e9rcito Ra\u00fal Castro Ruz, l\u00edderes hist\u00f3rico y actual de la Revoluci\u00f3n Cubana.<\/p>\n<p>El embajador de Cuba en Angola recibi\u00f3 las condecoraciones de manos del mandatario angolano, en medio de la ovaci\u00f3n de los asistentes puestos de pie, en una clara expresi\u00f3n de reconocimiento, admiraci\u00f3n y respeto hacia la figura de Fidel, cuyo legado tiene profundas ra\u00edces en este pueblo hermano con decenas de miles de historias de vidas beneficiadas por la acci\u00f3n del pueblo cubano bajo la gu\u00eda del Comandante en Jefe.<\/p>\n<p>El presidente Louren\u00e7o fue expl\u00edcito en el reconocimiento a la ayuda de Cuba durante sus palabras en el discurso de apertura de la octava ceremonia de entrega de las medallas alusivas al 50 Aniversario de la Independencia Nacional, acontecida este 6 de noviembre de 2025. Al respecto expres\u00f3:<\/p>\n<p>\u201cAgradecemos la ayuda del pueblo hermano de Cuba, desde la realizaci\u00f3n de la muy audaz \u2018Operaci\u00f3n Carlota\u2019, que abri\u00f3 el camino para la llegada y participaci\u00f3n de soldados cubanos en las principales operaciones militares en Angola contra los invasores extranjeros, agradecemos la formaci\u00f3n masiva de nuestros j\u00f3venes en Cuba en especialidades civiles y militares y la cooperaci\u00f3n en educaci\u00f3n y salud, mientras se formaban nuestros cuadros\u201d.<\/p>\n<p>Otras figuras internacionales prominentes fueron tambi\u00e9n reconocidas con la m\u00e1xima distinci\u00f3n, entre ellos Nelson Mandela (Sud\u00e1frica), Robert Gabriel Mugabe (Zimbabue), Samuel Daniel \u201cSam Nujoma\u201d (Namibia), Samora Mois\u00e9s Machel (Mozambique) y Xi Jinping (China).<\/p>\n<p>Una lista adicional de combatientes internacionalistas cubanos recibi\u00f3 tambi\u00e9n tributo con las medallas de las clases \u201cIndependencia\u201d y \u201cPaz y Desarrollo\u201d, durante el mismo homenaje.<\/p>\n<p>Las medallas por el medio siglo de independencia de Angola fueron instituidas mediante la Ley No. 2\/25, aprobada en la Asamblea Nacional de Angola el pasado 18 de marzo.<\/p>\n<p>La epopeya internacionalista de miles de combatientes y civiles cubanos en Angola ha sido una de las p\u00e1ginas m\u00e1s hermosas de la historia de nuestro pueblo. Precisamente, el pasado 5 de noviembre se cumplieron cinco d\u00e9cadas del inicio de la Operaci\u00f3n Carlota, que al decir de Fidel fue \u201cla m\u00e1s justa, prolongada, masiva y exitosa campa\u00f1a militar internacionalista de nuestro pa\u00eds\u201d.<\/p>\n<p>Durante casi 16 a\u00f1os, entre 1975 y 1991, un total de 377 033 combatientes internacionalistas y 50 000 civiles cubanos apoyaron voluntariamente al pueblo angolano. Lamentablemente, 2 077 de ellos no sobrevivieron para ver la victoria.<\/p>\n<p>La enorme proeza de los valientes combatientes de las Fuerzas Armadas Populares de Liberaci\u00f3n de Angola (FAPLA), con el apoyo de los internacionalistas cubanos, los militantes de la Organizaci\u00f3n Popular del \u00c1frica Sudoccidental (SWAPO por sus siglas en ingl\u00e9s), y de asesores sovi\u00e9ticos, no solo garantiz\u00f3 la independencia e integridad territorial de Angola, sino que cambi\u00f3 tambi\u00e9n el curso de la historia en \u00c1frica Austral con el logro de la independencia de Namibia y el fin del oprobioso r\u00e9gimen del Apartheid en Sud\u00e1frica.<\/p>\n<p>Al informar que la Operaci\u00f3n Carlota hab\u00eda concluido, mediante discurso pronunciado el 27 de mayo de 1991, el General de Ej\u00e9rcito Ra\u00fal Castro Ruz expres\u00f3:<\/p>\n<p>\u201cGracias a Angola, comprendemos en todo su alcance la ense\u00f1anza del compa\u00f1ero Fidel de que cuando un pueblo como el cubano ha sido capaz de combatir y de sacrificarse por la libertad de otro pueblo, \u00a1qu\u00e9 no ser\u00e1 capaz de hacer por s\u00ed mismo!\u201d<\/p>\n","protected":false},"excerpt":{"rendered":"<p>En ceremonia encabezada por el presidente de Angola Jo\u00e3o Manuel Gon\u00e7alves Louren\u00e7o, fueron entregadas medallas de la clase \u201cHonor\u201d, m\u00e1xima distinci\u00f3n, al Comandante en Jefe Fidel Castro Ruz y al General de Ej\u00e9rcito Ra\u00fal Castro Ruz, l\u00edderes hist\u00f3rico y actual de la Revoluci\u00f3n Cubana.<\/p>\n","protected":false},"author":26,"featured_media":57402,"comment_status":"open","ping_status":"open","sticky":false,"template":"","format":"standard","meta":{"_acf_changed":false,"footnotes":""},"categories":[8,3,4],"tags":[261,183,87],"coauthors":[1887],"class_list":["post-57401","post","type-post","status-publish","format-standard","has-post-thumbnail","hentry","category-noticia","category-cuba","category-internacionales","tag-cuba-angola","tag-fidel-castro","tag-raul-castro"],"acf":[],"_links":{"self":[{"href":"https:\/\/www.radiosanctispiritus.cu\/es\/wp-json\/wp\/v2\/posts\/57401","targetHints":{"allow":["GET"]}}],"collection":[{"href":"https:\/\/www.radiosanctispiritus.cu\/es\/wp-json\/wp\/v2\/posts"}],"about":[{"href":"https:\/\/www.radiosanctispiritus.cu\/es\/wp-json\/wp\/v2\/types\/post"}],"author":[{"embeddable":true,"href":"https:\/\/www.radiosanctispiritus.cu\/es\/wp-json\/wp\/v2\/users\/26"}],"replies":[{"embeddable":true,"href":"https:\/\/www.radiosanctispiritus.cu\/es\/wp-json\/wp\/v2\/comments?post=57401"}],"version-history":[{"count":1,"href":"https:\/\/www.radiosanctispiritus.cu\/es\/wp-json\/wp\/v2\/posts\/57401\/revisions"}],"predecessor-version":[{"id":57403,"href":"https:\/\/www.radiosanctispiritus.cu\/es\/wp-json\/wp\/v2\/posts\/57401\/revisions\/57403"}],"wp:featuredmedia":[{"embeddable":true,"href":"https:\/\/www.radiosanctispiritus.cu\/es\/wp-json\/wp\/v2\/media\/57402"}],"wp:attachment":[{"href":"https:\/\/www.radiosanctispiritus.cu\/es\/wp-json\/wp\/v2\/media?parent=57401"}],"wp:term":[{"taxonomy":"category","embeddable":true,"href":"https:\/\/www.radiosanctispiritus.cu\/es\/wp-json\/wp\/v2\/categories?post=57401"},{"taxonomy":"post_tag","embeddable":true,"href":"https:\/\/www.radiosanctispiritus.cu\/es\/wp-json\/wp\/v2\/tags?post=57401"},{"taxonomy":"author","embeddable":true,"href":"https:\/\/www.radiosanctispiritus.cu\/es\/wp-json\/wp\/v2\/coauthors?post=57401"}],"curies":[{"name":"wp","href":"https:\/\/api.w.org\/{rel}","templated":true}]}}