{"id":57349,"date":"2025-11-08T04:39:48","date_gmt":"2025-11-08T09:39:48","guid":{"rendered":"https:\/\/www.radiosanctispiritus.cu\/es\/?p=57349"},"modified":"2025-11-08T00:51:29","modified_gmt":"2025-11-08T05:51:29","slug":"sector-cultural-espirituano-se-suma-a-las-donaciones-a-la-region-oriental","status":"publish","type":"post","link":"https:\/\/www.radiosanctispiritus.cu\/es\/sector-cultural-espirituano-se-suma-a-las-donaciones-a-la-region-oriental\/","title":{"rendered":"Sector cultural espirituano se suma a las donaciones a la regi\u00f3n oriental"},"content":{"rendered":"<p>Artistas, intelectuales y trabajadores del sector de la cultura no se han quedado de brazos cruzados tras conocer las huellas dejadas por el hurac\u00e1n Melissa en gran parte de la zona oriental de Cuba.<\/p>\n<p>Bast\u00f3 el llamado para organizar el aporte a quienes lo han perdido todo o casi todo, de acuerdo con Elvis Hern\u00e1ndez Capdevila, subdirector del sectorial de Cultura y Arte en Sancti Sp\u00edritus.<\/p>\n<p>\u00abEl sector de la cultura en la provincia espirituana y toda la red institucional se ha sumado a colaborar con las donaciones, un grupo de art\u00edculos de aseo personal, art\u00edculos de jugueter\u00eda para los ni\u00f1os, ropa infantil, ropa de adulto, calzado y un grupo de art\u00edculos que puedan aliviar los momentos dif\u00edciles por los que est\u00e1 atravesando la regi\u00f3n oriental de Cuba, un gesto de cuban\u00eda, de humanidad que es lo que nos simboliza a todos los cubanos.<\/p>\n<p>\u00abDecir tambi\u00e9n que en el resto de los municipios, todas las redes institucionales en funci\u00f3n, a trav\u00e9s de los gobiernos, de las organizaciones pol\u00edticas y dem\u00e1s tambi\u00e9n han estado contribuyendo y enlaz\u00e1ndose con el resto de los intelectuales en toda la provincia para nosotros desde toda nuestra red institucional poder contribuir a este gesto humanitario con las hermanas provincias del oriente de Cuba\u00bb.<\/p>\n<p>Los artistas e intelectuales espirituanos tambi\u00e9n han confirmado su compromiso y disposici\u00f3n para de ser necesario activar una guerrilla cultural no s\u00f3lo como sanadores de esp\u00edritu sino para colaborar con sus manos en las acciones de recuperaci\u00f3n de la zona oriental que intenta cada d\u00eda convertir en vieja historia a Melissa.<\/p>\n<p><iframe src=\"https:\/\/www.ivoox.com\/player_ej_162069025_6_1.html?c1=7a0d0b\" width=\"100%\" height=\"200\" frameborder=\"0\" scrolling=\"no\" allowfullscreen=\"allowfullscreen\"><\/iframe><\/p>\n","protected":false},"excerpt":{"rendered":"<p>Artistas, intelectuales y trabajadores del sector de la cultura no se han quedado de brazos cruzados tras conocer las huellas dejadas por el hurac\u00e1n Melissa en gran parte de la zona oriental de Cuba.<\/p>\n","protected":false},"author":12,"featured_media":57350,"comment_status":"open","ping_status":"open","sticky":false,"template":"","format":"standard","meta":{"_acf_changed":false,"footnotes":""},"categories":[8,6,9,1],"tags":[360,470,368,195,151],"coauthors":[1864],"class_list":["post-57349","post","type-post","status-publish","format-standard","has-post-thumbnail","hentry","category-noticia","category-cultura","category-en-audio","category-sancti-spiritus","tag-cultura-espirituana","tag-donacion","tag-huracan","tag-recuperacion","tag-solidaridad"],"acf":[],"_links":{"self":[{"href":"https:\/\/www.radiosanctispiritus.cu\/es\/wp-json\/wp\/v2\/posts\/57349","targetHints":{"allow":["GET"]}}],"collection":[{"href":"https:\/\/www.radiosanctispiritus.cu\/es\/wp-json\/wp\/v2\/posts"}],"about":[{"href":"https:\/\/www.radiosanctispiritus.cu\/es\/wp-json\/wp\/v2\/types\/post"}],"author":[{"embeddable":true,"href":"https:\/\/www.radiosanctispiritus.cu\/es\/wp-json\/wp\/v2\/users\/12"}],"replies":[{"embeddable":true,"href":"https:\/\/www.radiosanctispiritus.cu\/es\/wp-json\/wp\/v2\/comments?post=57349"}],"version-history":[{"count":1,"href":"https:\/\/www.radiosanctispiritus.cu\/es\/wp-json\/wp\/v2\/posts\/57349\/revisions"}],"predecessor-version":[{"id":57351,"href":"https:\/\/www.radiosanctispiritus.cu\/es\/wp-json\/wp\/v2\/posts\/57349\/revisions\/57351"}],"wp:featuredmedia":[{"embeddable":true,"href":"https:\/\/www.radiosanctispiritus.cu\/es\/wp-json\/wp\/v2\/media\/57350"}],"wp:attachment":[{"href":"https:\/\/www.radiosanctispiritus.cu\/es\/wp-json\/wp\/v2\/media?parent=57349"}],"wp:term":[{"taxonomy":"category","embeddable":true,"href":"https:\/\/www.radiosanctispiritus.cu\/es\/wp-json\/wp\/v2\/categories?post=57349"},{"taxonomy":"post_tag","embeddable":true,"href":"https:\/\/www.radiosanctispiritus.cu\/es\/wp-json\/wp\/v2\/tags?post=57349"},{"taxonomy":"author","embeddable":true,"href":"https:\/\/www.radiosanctispiritus.cu\/es\/wp-json\/wp\/v2\/coauthors?post=57349"}],"curies":[{"name":"wp","href":"https:\/\/api.w.org\/{rel}","templated":true}]}}