{"id":57275,"date":"2025-11-07T06:58:52","date_gmt":"2025-11-07T11:58:52","guid":{"rendered":"https:\/\/www.radiosanctispiritus.cu\/es\/?p=57275"},"modified":"2025-11-07T07:44:07","modified_gmt":"2025-11-07T12:44:07","slug":"sancti-spiritus-apuesta-por-las-exportaciones-para-dinamizar-su-economia","status":"publish","type":"post","link":"https:\/\/www.radiosanctispiritus.cu\/es\/sancti-spiritus-apuesta-por-las-exportaciones-para-dinamizar-su-economia\/","title":{"rendered":"Sancti Sp\u00edritus apuesta por las exportaciones para dinamizar su econom\u00eda"},"content":{"rendered":"<p>A pesar del complejo escenario econ\u00f3mico que atraviesa el pa\u00eds, la provincia de Sancti Sp\u00edritus mantiene viva su vocaci\u00f3n exportadora con decenas de productos que alcanzan mercados internacionales, destacando el tabaco, el carb\u00f3n vegetal, la miel de abeja, los productos del mar \u2014especialmente la langosta\u2014 y los derivados del reciclaje de chatarra. <\/p>\n<p>Seg\u00fan explic\u00f3 Ignacio P\u00e9rez Gonz\u00e1lez, jefe del Departamento de Comercio Exterior e Inversi\u00f3n Extranjera del Gobierno Provincial, la estrategia territorial se centra en consolidar los renglones con mayor demanda en el exterior, diversificar los destinos comerciales y elevar la preparaci\u00f3n t\u00e9cnica de los actores que participan en la cadena exportadora. <\/p>\n<p>\u201cSancti Sp\u00edritus es una de las provincias que mantiene un nivel favorable en la producci\u00f3n con destino a la exportaci\u00f3n. Aunque algunos productos han sufrido afectaciones por limitaciones en materias primas e insumos \u2014como la masa de cobo y ciertos tipos de alcoholes\u2014, el volumen general muestra un comportamiento positivo\u201d, precis\u00f3 P\u00e9rez Gonz\u00e1lez. <\/p>\n<p>La provincia contin\u00faa apostando por las exportaciones como palanca esencial para dinamizar su econom\u00eda local, reforzando la calidad de sus ofertas y adapt\u00e1ndose a las exigencias de los mercados globales, incluso en medio de las dificultades log\u00edsticas y productivas del contexto actual.<\/p>\n<p><iframe src=\"https:\/\/www.ivoox.com\/player_ej_162022600_6_1.html?c1=7a0d0b\" width=\"100%\" height=\"200\" frameborder=\"0\" allowfullscreen=\"\" scrolling=\"no\" loading=\"lazy\"><\/iframe><\/p>\n","protected":false},"excerpt":{"rendered":"<p>La provincia contin\u00faa apostando por las exportaciones como palanca esencial para dinamizar su econom\u00eda local, reforzando la calidad de sus ofertas y adapt\u00e1ndose a las exigencias de los mercados globales<\/p>\n","protected":false},"author":29,"featured_media":53948,"comment_status":"open","ping_status":"open","sticky":false,"template":"","format":"standard","meta":{"_acf_changed":false,"footnotes":""},"categories":[8,9,1],"tags":[71,720],"coauthors":[1856],"class_list":["post-57275","post","type-post","status-publish","format-standard","has-post-thumbnail","hentry","category-noticia","category-en-audio","category-sancti-spiritus","tag-economia","tag-exportacion"],"acf":[],"_links":{"self":[{"href":"https:\/\/www.radiosanctispiritus.cu\/es\/wp-json\/wp\/v2\/posts\/57275","targetHints":{"allow":["GET"]}}],"collection":[{"href":"https:\/\/www.radiosanctispiritus.cu\/es\/wp-json\/wp\/v2\/posts"}],"about":[{"href":"https:\/\/www.radiosanctispiritus.cu\/es\/wp-json\/wp\/v2\/types\/post"}],"author":[{"embeddable":true,"href":"https:\/\/www.radiosanctispiritus.cu\/es\/wp-json\/wp\/v2\/users\/29"}],"replies":[{"embeddable":true,"href":"https:\/\/www.radiosanctispiritus.cu\/es\/wp-json\/wp\/v2\/comments?post=57275"}],"version-history":[{"count":2,"href":"https:\/\/www.radiosanctispiritus.cu\/es\/wp-json\/wp\/v2\/posts\/57275\/revisions"}],"predecessor-version":[{"id":57277,"href":"https:\/\/www.radiosanctispiritus.cu\/es\/wp-json\/wp\/v2\/posts\/57275\/revisions\/57277"}],"wp:featuredmedia":[{"embeddable":true,"href":"https:\/\/www.radiosanctispiritus.cu\/es\/wp-json\/wp\/v2\/media\/53948"}],"wp:attachment":[{"href":"https:\/\/www.radiosanctispiritus.cu\/es\/wp-json\/wp\/v2\/media?parent=57275"}],"wp:term":[{"taxonomy":"category","embeddable":true,"href":"https:\/\/www.radiosanctispiritus.cu\/es\/wp-json\/wp\/v2\/categories?post=57275"},{"taxonomy":"post_tag","embeddable":true,"href":"https:\/\/www.radiosanctispiritus.cu\/es\/wp-json\/wp\/v2\/tags?post=57275"},{"taxonomy":"author","embeddable":true,"href":"https:\/\/www.radiosanctispiritus.cu\/es\/wp-json\/wp\/v2\/coauthors?post=57275"}],"curies":[{"name":"wp","href":"https:\/\/api.w.org\/{rel}","templated":true}]}}