{"id":57272,"date":"2025-11-07T07:00:12","date_gmt":"2025-11-07T12:00:12","guid":{"rendered":"https:\/\/www.radiosanctispiritus.cu\/es\/?p=57272"},"modified":"2025-11-07T07:37:38","modified_gmt":"2025-11-07T12:37:38","slug":"lista-temporada-alta-del-turismo-en-sancti-spiritus","status":"publish","type":"post","link":"https:\/\/www.radiosanctispiritus.cu\/es\/lista-temporada-alta-del-turismo-en-sancti-spiritus\/","title":{"rendered":"Lista temporada alta del turismo en Sancti Sp\u00edritus"},"content":{"rendered":"<p>La Delegaci\u00f3n Territorial del Ministerio del Turismo (Mintur) en Sancti Sp\u00edritus ha declarado al territorio listo para recibir la temporada alta de visitantes extranjeros, a pesar de observarse en los \u00faltimos meses un decrecimiento en el flujo de turistas hacia los distintos polos tur\u00edsticos de la provincia. <\/p>\n<p>Seg\u00fan inform\u00f3 a Radio Trinidad Yordanis Fern\u00e1ndez Alonso, delegado del Ministro del Turismo en el territorio, desde meses atr\u00e1s se ha venido ejecutando un intenso programa de mejoramiento de la planta hotelera y extrahotelera, culminado con la certificaci\u00f3n del 100 % de las instalaciones tur\u00edsticas. <\/p>\n<p>\u201cSe han pintado las instalaciones, implementado planes de mejora, mejorado y dise\u00f1ado nuevos productos para los cat\u00e1logos. Por ejemplo, la agencia Cubatur present\u00f3 una actualizaci\u00f3n con m\u00e1s de 26 excursiones. En el Hotel Trinidad del Mar se sustituyeron todos los llavines de las habitaciones; el Hotel Anc\u00f3n y los hoteles en la ciudad de Sancti Sp\u00edritus tambi\u00e9n fueron repintados. Adem\u00e1s, logramos la apertura del Costa Sur con una nueva discoteca: un producto a\u00f1adido que antes no exist\u00eda en esa instalaci\u00f3n\u201d, detall\u00f3 Fern\u00e1ndez Alonso. <\/p>\n<p>Destac\u00f3 la alta motivaci\u00f3n de directivos y trabajadores por \u201cescalar pelda\u00f1os m\u00e1s altos\u201d, evidenciada durante las visitas de inspecci\u00f3n realizadas por la delegaci\u00f3n del Mintur a todas sus dependencias en la provincia. \u201cPudimos comprobar in situ la preparaci\u00f3n de las instalaciones, del personal y de la log\u00edstica, todo orientado a garantizar una temporada alta con resultados superiores\u201d, afirm\u00f3. <\/p>\n<p>Aunque el polo tur\u00edstico de Trinidad \u2014uno de los m\u00e1s din\u00e1micos del pa\u00eds\u2014 enfrenta complejidades como la ausencia de un aeropuerto cercano, el delegado subray\u00f3 que se avanza en la recuperaci\u00f3n de mercados clave como los canadiense, italiano y alem\u00e1n, tradicionalmente atra\u00eddos por la riqueza cultural, hist\u00f3rica, natural y de sol y playa que ofrece este destino declarado Patrimonio de la Humanidad por la UNESCO. <\/p>\n<p>Con renovadas expectativas y una infraestructura tur\u00edstica actualizada, Sancti Sp\u00edritus apuesta por una temporada alta marcada por la calidad del servicio, la autenticidad de su oferta y el compromiso de su gente con la hospitalidad cubana. <\/p>\n<p><iframe src=\"https:\/\/www.ivoox.com\/player_ej_162017042_6_1.html?c1=7a0d0b\" width=\"100%\" height=\"200\" frameborder=\"0\" allowfullscreen=\"\" scrolling=\"no\" loading=\"lazy\"><\/iframe><\/p>\n","protected":false},"excerpt":{"rendered":"<p>La Delegaci\u00f3n Territorial del Ministerio del Turismo en Sancti Sp\u00edritus ha declarado al territorio listo para recibir la temporada alta de visitantes extranjeros<\/p>\n","protected":false},"author":145,"featured_media":48241,"comment_status":"open","ping_status":"open","sticky":false,"template":"","format":"standard","meta":{"_acf_changed":false,"footnotes":""},"categories":[8,9,1,1170],"tags":[40,23],"coauthors":[1886],"class_list":["post-57272","post","type-post","status-publish","format-standard","has-post-thumbnail","hentry","category-noticia","category-en-audio","category-sancti-spiritus","category-turismo","tag-trinidad","tag-turismo"],"acf":[],"_links":{"self":[{"href":"https:\/\/www.radiosanctispiritus.cu\/es\/wp-json\/wp\/v2\/posts\/57272","targetHints":{"allow":["GET"]}}],"collection":[{"href":"https:\/\/www.radiosanctispiritus.cu\/es\/wp-json\/wp\/v2\/posts"}],"about":[{"href":"https:\/\/www.radiosanctispiritus.cu\/es\/wp-json\/wp\/v2\/types\/post"}],"author":[{"embeddable":true,"href":"https:\/\/www.radiosanctispiritus.cu\/es\/wp-json\/wp\/v2\/users\/145"}],"replies":[{"embeddable":true,"href":"https:\/\/www.radiosanctispiritus.cu\/es\/wp-json\/wp\/v2\/comments?post=57272"}],"version-history":[{"count":2,"href":"https:\/\/www.radiosanctispiritus.cu\/es\/wp-json\/wp\/v2\/posts\/57272\/revisions"}],"predecessor-version":[{"id":57274,"href":"https:\/\/www.radiosanctispiritus.cu\/es\/wp-json\/wp\/v2\/posts\/57272\/revisions\/57274"}],"wp:featuredmedia":[{"embeddable":true,"href":"https:\/\/www.radiosanctispiritus.cu\/es\/wp-json\/wp\/v2\/media\/48241"}],"wp:attachment":[{"href":"https:\/\/www.radiosanctispiritus.cu\/es\/wp-json\/wp\/v2\/media?parent=57272"}],"wp:term":[{"taxonomy":"category","embeddable":true,"href":"https:\/\/www.radiosanctispiritus.cu\/es\/wp-json\/wp\/v2\/categories?post=57272"},{"taxonomy":"post_tag","embeddable":true,"href":"https:\/\/www.radiosanctispiritus.cu\/es\/wp-json\/wp\/v2\/tags?post=57272"},{"taxonomy":"author","embeddable":true,"href":"https:\/\/www.radiosanctispiritus.cu\/es\/wp-json\/wp\/v2\/coauthors?post=57272"}],"curies":[{"name":"wp","href":"https:\/\/api.w.org\/{rel}","templated":true}]}}