{"id":57257,"date":"2025-11-07T00:16:17","date_gmt":"2025-11-07T05:16:17","guid":{"rendered":"https:\/\/www.radiosanctispiritus.cu\/es\/?p=57257"},"modified":"2025-11-07T00:25:38","modified_gmt":"2025-11-07T05:25:38","slug":"brigada-de-las-far-lista-para-partir-para-ir-para-el-oriente-cubano","status":"publish","type":"post","link":"https:\/\/www.radiosanctispiritus.cu\/es\/brigada-de-las-far-lista-para-partir-para-ir-para-el-oriente-cubano\/","title":{"rendered":"Brigada de las FAR lista para partir para el oriente cubano"},"content":{"rendered":"<p>Una brigada de apoyo compuesta por oficiales y soldados de la Regi\u00f3n Militar de la provincia est\u00e1 lista para partir hacia el oriente cubano para participar en la recuperaci\u00f3n de las afectaciones del hurac\u00e1n Melissa a su paso por ese escenario geogr\u00e1fico.<\/p>\n<p>El colectivo recibi\u00f3 todos los medios y equipos y solo espera la orden de partida, con el compromiso de regresar cuando las tareas asignadas est\u00e9n concluidas.<\/p>\n<div id=\"attachment_57260\" style=\"width: 610px\" class=\"wp-caption aligncenter\"><img decoding=\"async\" aria-describedby=\"caption-attachment-57260\" class=\"size-medium wp-image-57260\" src=\"https:\/\/www.radiosanctispiritus.cu\/es\/wp-content\/uploads\/FAR-SS-2-600x454.jpg\" alt=\"\" width=\"600\" height=\"454\" srcset=\"https:\/\/www.radiosanctispiritus.cu\/es\/wp-content\/uploads\/FAR-SS-2-600x454.jpg 600w, https:\/\/www.radiosanctispiritus.cu\/es\/wp-content\/uploads\/FAR-SS-2-1024x774.jpg 1024w, https:\/\/www.radiosanctispiritus.cu\/es\/wp-content\/uploads\/FAR-SS-2-768x581.jpg 768w, https:\/\/www.radiosanctispiritus.cu\/es\/wp-content\/uploads\/FAR-SS-2-1536x1162.jpg 1536w, https:\/\/www.radiosanctispiritus.cu\/es\/wp-content\/uploads\/FAR-SS-2-2048x1549.jpg 2048w\" sizes=\"(max-width: 600px) 100vw, 600px\" \/><p id=\"caption-attachment-57260\" class=\"wp-caption-text\">Los integrantes del colectivo tienen en sus manos los medios imprescindibles para el desarrollo de las tareas que se les asignar\u00e1n.<\/p><\/div>\n<p>Disciplina, entrega y esp\u00edritu de solidaridad distinguen a la brigada, que lleva por nombre 65 Aniversario del Ej\u00e9rcito Central, y que fortalecer\u00e1 a colectivos de otros sectores que avanzan en las tareas de recuperaci\u00f3n en el oriente del pa\u00eds.<\/p>\n<div id=\"attachment_57262\" style=\"width: 610px\" class=\"wp-caption aligncenter\"><img decoding=\"async\" aria-describedby=\"caption-attachment-57262\" class=\"size-medium wp-image-57262\" src=\"https:\/\/www.radiosanctispiritus.cu\/es\/wp-content\/uploads\/FAR-SS-3-600x502.jpg\" alt=\"\" width=\"600\" height=\"502\" srcset=\"https:\/\/www.radiosanctispiritus.cu\/es\/wp-content\/uploads\/FAR-SS-3-600x502.jpg 600w, https:\/\/www.radiosanctispiritus.cu\/es\/wp-content\/uploads\/FAR-SS-3-1024x857.jpg 1024w, https:\/\/www.radiosanctispiritus.cu\/es\/wp-content\/uploads\/FAR-SS-3-768x643.jpg 768w, https:\/\/www.radiosanctispiritus.cu\/es\/wp-content\/uploads\/FAR-SS-3-1536x1285.jpg 1536w, https:\/\/www.radiosanctispiritus.cu\/es\/wp-content\/uploads\/FAR-SS-3-2048x1713.jpg 2048w, https:\/\/www.radiosanctispiritus.cu\/es\/wp-content\/uploads\/FAR-SS-3-145x120.jpg 145w\" sizes=\"(max-width: 600px) 100vw, 600px\" \/><p id=\"caption-attachment-57262\" class=\"wp-caption-text\">Los j\u00f3venes son mayor\u00eda en la brigada.<\/p><\/div>\n<p>En el acto de abanderamiento, estudiantes de la Escuela Militar Camilo Cienfuegos entregaron un donativo de alumnos y trabajadores del centro para los damnificados de los territorios afectados por el hurac\u00e1n Melissa.<\/p>\n<div id=\"attachment_57264\" style=\"width: 610px\" class=\"wp-caption aligncenter\"><img decoding=\"async\" aria-describedby=\"caption-attachment-57264\" class=\"size-medium wp-image-57264\" src=\"https:\/\/www.radiosanctispiritus.cu\/es\/wp-content\/uploads\/FAR-SS-4-600x497.jpg\" alt=\"\" width=\"600\" height=\"497\" srcset=\"https:\/\/www.radiosanctispiritus.cu\/es\/wp-content\/uploads\/FAR-SS-4-600x497.jpg 600w, https:\/\/www.radiosanctispiritus.cu\/es\/wp-content\/uploads\/FAR-SS-4-1024x848.jpg 1024w, https:\/\/www.radiosanctispiritus.cu\/es\/wp-content\/uploads\/FAR-SS-4-768x636.jpg 768w, https:\/\/www.radiosanctispiritus.cu\/es\/wp-content\/uploads\/FAR-SS-4-1536x1272.jpg 1536w, https:\/\/www.radiosanctispiritus.cu\/es\/wp-content\/uploads\/FAR-SS-4-2048x1696.jpg 2048w, https:\/\/www.radiosanctispiritus.cu\/es\/wp-content\/uploads\/FAR-SS-4-145x120.jpg 145w\" sizes=\"(max-width: 600px) 100vw, 600px\" \/><p id=\"caption-attachment-57264\" class=\"wp-caption-text\">La brigada lleva el compromiso de cumplir todas las tareas asignadas.<\/p><\/div>\n<div id=\"attachment_57265\" style=\"width: 610px\" class=\"wp-caption aligncenter\"><img decoding=\"async\" aria-describedby=\"caption-attachment-57265\" class=\"size-medium wp-image-57265\" src=\"https:\/\/www.radiosanctispiritus.cu\/es\/wp-content\/uploads\/FAR-SS-5-600x446.jpg\" alt=\"\" width=\"600\" height=\"446\" srcset=\"https:\/\/www.radiosanctispiritus.cu\/es\/wp-content\/uploads\/FAR-SS-5-600x446.jpg 600w, https:\/\/www.radiosanctispiritus.cu\/es\/wp-content\/uploads\/FAR-SS-5-1024x762.jpg 1024w, https:\/\/www.radiosanctispiritus.cu\/es\/wp-content\/uploads\/FAR-SS-5-768x571.jpg 768w, https:\/\/www.radiosanctispiritus.cu\/es\/wp-content\/uploads\/FAR-SS-5-1536x1142.jpg 1536w, https:\/\/www.radiosanctispiritus.cu\/es\/wp-content\/uploads\/FAR-SS-5-2048x1523.jpg 2048w\" sizes=\"(max-width: 600px) 100vw, 600px\" \/><p id=\"caption-attachment-57265\" class=\"wp-caption-text\">Soldados y oficiales de diferentes especialidades integran la brigada.<\/p><\/div>\n<div id=\"attachment_57267\" style=\"width: 610px\" class=\"wp-caption aligncenter\"><img decoding=\"async\" aria-describedby=\"caption-attachment-57267\" class=\"size-medium wp-image-57267\" src=\"https:\/\/www.radiosanctispiritus.cu\/es\/wp-content\/uploads\/FAR-SS-6-600x400.jpg\" alt=\"\" width=\"600\" height=\"400\" srcset=\"https:\/\/www.radiosanctispiritus.cu\/es\/wp-content\/uploads\/FAR-SS-6-600x400.jpg 600w, https:\/\/www.radiosanctispiritus.cu\/es\/wp-content\/uploads\/FAR-SS-6-1024x683.jpg 1024w, https:\/\/www.radiosanctispiritus.cu\/es\/wp-content\/uploads\/FAR-SS-6-768x512.jpg 768w, https:\/\/www.radiosanctispiritus.cu\/es\/wp-content\/uploads\/FAR-SS-6-1536x1024.jpg 1536w, https:\/\/www.radiosanctispiritus.cu\/es\/wp-content\/uploads\/FAR-SS-6-2048x1365.jpg 2048w\" sizes=\"(max-width: 600px) 100vw, 600px\" \/><p id=\"caption-attachment-57267\" class=\"wp-caption-text\">Estudiantes de la Escuela Militar Camilo Cienfuegos entregaron un donativo de alumnos y trabajadores del centro para los afectados por el hurac\u00e1n en el oriente cubano.<\/p><\/div>\n<div id=\"attachment_57268\" style=\"width: 610px\" class=\"wp-caption aligncenter\"><img decoding=\"async\" aria-describedby=\"caption-attachment-57268\" class=\"size-medium wp-image-57268\" src=\"https:\/\/www.radiosanctispiritus.cu\/es\/wp-content\/uploads\/FAR-SS-7-600x400.jpg\" alt=\"\" width=\"600\" height=\"400\" srcset=\"https:\/\/www.radiosanctispiritus.cu\/es\/wp-content\/uploads\/FAR-SS-7-600x400.jpg 600w, https:\/\/www.radiosanctispiritus.cu\/es\/wp-content\/uploads\/FAR-SS-7-1024x683.jpg 1024w, https:\/\/www.radiosanctispiritus.cu\/es\/wp-content\/uploads\/FAR-SS-7-768x512.jpg 768w, https:\/\/www.radiosanctispiritus.cu\/es\/wp-content\/uploads\/FAR-SS-7-1536x1024.jpg 1536w, https:\/\/www.radiosanctispiritus.cu\/es\/wp-content\/uploads\/FAR-SS-7-2048x1365.jpg 2048w\" sizes=\"(max-width: 600px) 100vw, 600px\" \/><p id=\"caption-attachment-57268\" class=\"wp-caption-text\">Los Camilitos mostraron su solidaridad con los afectados por Melissa en el oriente del pa\u00eds.<\/p><\/div>\n","protected":false},"excerpt":{"rendered":"<p>Una brigada de apoyo compuesta por oficiales y soldados de la Regi\u00f3n Militar de la provincia est\u00e1 lista para partir hacia el oriente cubano para participar en la recuperaci\u00f3n de las afectaciones del hurac\u00e1n Melissa a su paso por ese escenario geogr\u00e1fico.<\/p>\n","protected":false},"author":15,"featured_media":57258,"comment_status":"open","ping_status":"open","sticky":false,"template":"","format":"standard","meta":{"_acf_changed":false,"footnotes":""},"categories":[11],"tags":[1138,268,2089,195],"coauthors":[1884],"class_list":["post-57257","post","type-post","status-publish","format-standard","has-post-thumbnail","hentry","category-fotorreportaje","tag-ejercito-central","tag-far","tag-melissa","tag-recuperacion"],"acf":[],"_links":{"self":[{"href":"https:\/\/www.radiosanctispiritus.cu\/es\/wp-json\/wp\/v2\/posts\/57257","targetHints":{"allow":["GET"]}}],"collection":[{"href":"https:\/\/www.radiosanctispiritus.cu\/es\/wp-json\/wp\/v2\/posts"}],"about":[{"href":"https:\/\/www.radiosanctispiritus.cu\/es\/wp-json\/wp\/v2\/types\/post"}],"author":[{"embeddable":true,"href":"https:\/\/www.radiosanctispiritus.cu\/es\/wp-json\/wp\/v2\/users\/15"}],"replies":[{"embeddable":true,"href":"https:\/\/www.radiosanctispiritus.cu\/es\/wp-json\/wp\/v2\/comments?post=57257"}],"version-history":[{"count":5,"href":"https:\/\/www.radiosanctispiritus.cu\/es\/wp-json\/wp\/v2\/posts\/57257\/revisions"}],"predecessor-version":[{"id":57270,"href":"https:\/\/www.radiosanctispiritus.cu\/es\/wp-json\/wp\/v2\/posts\/57257\/revisions\/57270"}],"wp:featuredmedia":[{"embeddable":true,"href":"https:\/\/www.radiosanctispiritus.cu\/es\/wp-json\/wp\/v2\/media\/57258"}],"wp:attachment":[{"href":"https:\/\/www.radiosanctispiritus.cu\/es\/wp-json\/wp\/v2\/media?parent=57257"}],"wp:term":[{"taxonomy":"category","embeddable":true,"href":"https:\/\/www.radiosanctispiritus.cu\/es\/wp-json\/wp\/v2\/categories?post=57257"},{"taxonomy":"post_tag","embeddable":true,"href":"https:\/\/www.radiosanctispiritus.cu\/es\/wp-json\/wp\/v2\/tags?post=57257"},{"taxonomy":"author","embeddable":true,"href":"https:\/\/www.radiosanctispiritus.cu\/es\/wp-json\/wp\/v2\/coauthors?post=57257"}],"curies":[{"name":"wp","href":"https:\/\/api.w.org\/{rel}","templated":true}]}}